{"id":59823,"date":"2025-07-15T11:39:52","date_gmt":"2025-07-15T11:39:52","guid":{"rendered":"https:\/\/dekkbi.com\/?p=59823"},"modified":"2025-07-15T11:39:53","modified_gmt":"2025-07-15T11:39:53","slug":"kaolack-renforcement-du-systeme-dinformation-a-letat-civil-lunion-europeenne-mise-sur-lidentite-legale-pour-renforcer-lacces-aux-droits","status":"publish","type":"post","link":"https:\/\/dekkbi.com\/?p=59823","title":{"rendered":"Kaolack \/ renforcement du syst\u00e8me d\u2019information \u00e0 l\u2019\u00e9tat civil : l\u2019Union europ\u00e9enne mise sur l\u2019identit\u00e9 l\u00e9gale pour renforcer l\u2019acc\u00e8s aux droits"},"content":{"rendered":"\n<p>Dans le cadre de son programme d\u2019appui au renforcement du syst\u00e8me d\u2019information \u00e0 l\u2019\u00e9tat civil et \u00e0 la consolidation du fichier national d\u2019identit\u00e9 biom\u00e9trique, l\u2019Union europ\u00e9enne (UE) a accord\u00e9 au S\u00e9n\u00e9gal un financement de 28 millions d\u2019euros, soit 16,8 milliards de francs CFA. Ce soutien financier, engag\u00e9 d\u00e8s 2020, a \u00e9t\u00e9 rappel\u00e9 vendredi dernier \u00e0 Kaolack, \u00e0 l\u2019occasion de l\u2019inauguration des centres secondaires d\u2019\u00e9tat civil de la commune de Fass Barigo et du quartier Touba Ndorong.<\/p>\n\n\n\n<p>Outre ces deux projets embl\u00e9matiques, l\u2019enveloppe europ\u00e9enne soutient \u00e9galement des initiatives strat\u00e9giques telles que l\u2019am\u00e9lioration du pilotage national de l\u2019\u00e9tat civil, la digitalisation des services administratifs, le renforcement des capacit\u00e9s locales ainsi que l\u2019\u00e9largissement de l\u2019acc\u00e8s des citoyens aux documents officiels. L\u2019objectif\u202f: rapprocher l\u2019administration des populations, renforcer la transparence et consolider les droits civiques.<\/p>\n\n\n\n<p>Pr\u00e9sent lors des c\u00e9r\u00e9monies, l\u2019ambassadeur de l\u2019UE au S\u00e9n\u00e9gal, Jean-Marc Pisani, a tenu \u00e0 rappeler que \u00ab\u202fl\u2019identit\u00e9 l\u00e9gale est un droit fondamental\u202f\u00bb. D\u00e9clarer une naissance, enregistrer un mariage ou certifier un d\u00e9c\u00e8s \u00ab\u202fne sont pas de simples formalit\u00e9s, mais des actes fondateurs qui conditionnent l\u2019acc\u00e8s \u00e0 l\u2019\u00e9cole, \u00e0 la sant\u00e9, \u00e0 la citoyennet\u00e9\u202f\u00bb, a-t-il soulign\u00e9. Pour lui, l\u2019absence d\u2019un \u00e9tat civil structur\u00e9 signifie l\u2019absence de droit, de protection et d\u2019inclusion. Or, sans inclusion, \u00ab\u202fil ne peut y avoir de d\u00e9veloppement durable\u202f\u00bb.<\/p>\n\n\n\n<p>L\u2019inauguration de ces deux centres est ainsi pr\u00e9sent\u00e9e comme un acte politique fort, incarnant la volont\u00e9 partag\u00e9e de promouvoir la justice sociale, l\u2019\u00e9galit\u00e9 d\u2019acc\u00e8s aux services publics et la r\u00e9silience institutionnelle. Ces infrastructures modernes et connect\u00e9es, rendues accessibles aux populations, sont le fruit d\u2019une collaboration \u00e9troite entre l\u2019UE, l\u2019agence belge Enabel, l\u2019op\u00e9rateur fran\u00e7ais Civipol, les collectivit\u00e9s territoriales et les communaut\u00e9s b\u00e9n\u00e9ficiaires.<\/p>\n\n\n\n<p>Pour l\u2019ambassadeur Pisani, dans un contexte o\u00f9 les enjeux de gouvernance, de migration, de paix et de s\u00e9curit\u00e9 sont \u00e9troitement li\u00e9s, il est imp\u00e9ratif de consolider la souverainet\u00e9 de l\u2019\u00c9tat, restaurer la confiance dans les institutions et renforcer la coh\u00e9sion sociale. Il affirme que cette initiative s\u2019inscrit dans une politique de pr\u00e9vention et d\u2019inclusion durable, que l\u2019Union europ\u00e9enne soutient avec un engagement constant.<\/p>\n\n\n\n<p><strong>Abdoulaye Fall<\/strong><br>SUDQUOTIDIEN<\/p>\n","protected":false},"excerpt":{"rendered":"<p>Dans le cadre de son programme d\u2019appui au renforcement du syst\u00e8me d\u2019information \u00e0 l\u2019\u00e9tat civil et \u00e0 la consolidation du<\/p>\n","protected":false},"author":1,"featured_media":59824,"comment_status":"open","ping_status":"open","sticky":false,"template":"","format":"standard","meta":{"footnotes":""},"categories":[21],"tags":[],"class_list":["post-59823","post","type-post","status-publish","format-standard","has-post-thumbnail","hentry","category-societe"],"_links":{"self":[{"href":"https:\/\/dekkbi.com\/index.php?rest_route=\/wp\/v2\/posts\/59823","targetHints":{"allow":["GET"]}}],"collection":[{"href":"https:\/\/dekkbi.com\/index.php?rest_route=\/wp\/v2\/posts"}],"about":[{"href":"https:\/\/dekkbi.com\/index.php?rest_route=\/wp\/v2\/types\/post"}],"author":[{"embeddable":true,"href":"https:\/\/dekkbi.com\/index.php?rest_route=\/wp\/v2\/users\/1"}],"replies":[{"embeddable":true,"href":"https:\/\/dekkbi.com\/index.php?rest_route=%2Fwp%2Fv2%2Fcomments&post=59823"}],"version-history":[{"count":1,"href":"https:\/\/dekkbi.com\/index.php?rest_route=\/wp\/v2\/posts\/59823\/revisions"}],"predecessor-version":[{"id":59825,"href":"https:\/\/dekkbi.com\/index.php?rest_route=\/wp\/v2\/posts\/59823\/revisions\/59825"}],"wp:featuredmedia":[{"embeddable":true,"href":"https:\/\/dekkbi.com\/index.php?rest_route=\/wp\/v2\/media\/59824"}],"wp:attachment":[{"href":"https:\/\/dekkbi.com\/index.php?rest_route=%2Fwp%2Fv2%2Fmedia&parent=59823"}],"wp:term":[{"taxonomy":"category","embeddable":true,"href":"https:\/\/dekkbi.com\/index.php?rest_route=%2Fwp%2Fv2%2Fcategories&post=59823"},{"taxonomy":"post_tag","embeddable":true,"href":"https:\/\/dekkbi.com\/index.php?rest_route=%2Fwp%2Fv2%2Ftags&post=59823"}],"curies":[{"name":"wp","href":"https:\/\/api.w.org\/{rel}","templated":true}]}}