{"id":59816,"date":"2025-07-15T11:28:29","date_gmt":"2025-07-15T11:28:29","guid":{"rendered":"https:\/\/dekkbi.com\/?p=59816"},"modified":"2025-07-15T11:28:29","modified_gmt":"2025-07-15T11:28:29","slug":"la-france-quitte-definitivement-sa-base-militaire-de-ouakam-ce-18-juillet","status":"publish","type":"post","link":"https:\/\/dekkbi.com\/?p=59816","title":{"rendered":"La France quitte d\u00e9finitivement sa base militaire de Ouakam ce 18 juillet"},"content":{"rendered":"\n<p><a href=\"https:\/\/lesoleil.sn\/wp-content\/uploads\/2025\/07\/base-militaire-Ouakam-min.jpg\"><\/a><strong>La France rendra officiellement au S\u00e9n\u00e9gal la base militaire de Ouakam ce jeudi 18 juillet 2025, mettant un terme \u00e0 plus de 60 ans de pr\u00e9sence militaire continue sur le sol s\u00e9n\u00e9galais. Cette restitution marque la fin des \u00c9l\u00e9ments fran\u00e7ais au S\u00e9n\u00e9gal (EFS), pr\u00e9sents depuis l\u2019ind\u00e9pendance en 1960.<\/strong><\/p>\n\n\n\n<p>L\u2019annonce a \u00e9t\u00e9 faite par l\u2019ambassadrice Christine Fages \u00e0 l\u2019occasion de la c\u00e9l\u00e9bration de la f\u00eate nationale fran\u00e7aise \u00e0 Dakar, en pr\u00e9sence du Directeur de cabinet du Pr\u00e9sident de la R\u00e9publique Mary Teuw Niane. \u00ab Conform\u00e9ment aux orientations \u00e9tablies d\u00e8s 2022 par le pr\u00e9sident Macron, la France va restituer au S\u00e9n\u00e9gal les emprises militaires des \u00c9l\u00e9ments fran\u00e7ais au S\u00e9n\u00e9gal, dans quatre jours \u00bb, a-t-elle d\u00e9clar\u00e9.<\/p>\n\n\n\n<p>Cette d\u00e9cision s\u2019inscrit dans une nouvelle dynamique de coop\u00e9ration militaire entre les deux pays, ax\u00e9e d\u00e9sormais sur la formation, l\u2019interop\u00e9rabilit\u00e9 et le respect de la souverainet\u00e9 nationale.<\/p>\n\n\n\n<p>Depuis mars, les autorit\u00e9s fran\u00e7aises ont progressivement \u00e9vacu\u00e9 plusieurs sites militaires : Mar\u00e9chal, Saint-Exup\u00e9ry, Contre-Amiral Protet, et plus r\u00e9cemment, la station d\u2019\u00e9mission interarm\u00e9es de Rufisque, remise le 1er juillet. La restitution totale des infrastructures devrait \u00eatre finalis\u00e9e d\u2019ici la fin du mois, conform\u00e9ment au trait\u00e9 de coop\u00e9ration militaire de 2012.<\/p>\n\n\n\n<p>Cette \u00e9volution r\u00e9sulte d\u2019un accord entre les pr\u00e9sidents Bassirou Diomaye Faye et Emmanuel Macron, r\u00e9affirm\u00e9 lors de leur rencontre \u00e0 S\u00e9ville, \u00e0 l\u2019occasion de la 4e Conf\u00e9rence internationale sur le financement du d\u00e9veloppement. Tous deux souhaitent construire un partenariat \u00e9galitaire, fond\u00e9 sur la souverainet\u00e9, la confiance et des int\u00e9r\u00eats mutuels clairs.<\/p>\n\n\n\n<p><strong>C.G.D<\/strong><\/p>\n","protected":false},"excerpt":{"rendered":"<p>La France rendra officiellement au S\u00e9n\u00e9gal la base militaire de Ouakam ce jeudi 18 juillet 2025, mettant un terme \u00e0<\/p>\n","protected":false},"author":1,"featured_media":52245,"comment_status":"open","ping_status":"open","sticky":false,"template":"","format":"standard","meta":{"footnotes":""},"categories":[26],"tags":[],"class_list":["post-59816","post","type-post","status-publish","format-standard","has-post-thumbnail","hentry","category-fait-divers"],"_links":{"self":[{"href":"https:\/\/dekkbi.com\/index.php?rest_route=\/wp\/v2\/posts\/59816","targetHints":{"allow":["GET"]}}],"collection":[{"href":"https:\/\/dekkbi.com\/index.php?rest_route=\/wp\/v2\/posts"}],"about":[{"href":"https:\/\/dekkbi.com\/index.php?rest_route=\/wp\/v2\/types\/post"}],"author":[{"embeddable":true,"href":"https:\/\/dekkbi.com\/index.php?rest_route=\/wp\/v2\/users\/1"}],"replies":[{"embeddable":true,"href":"https:\/\/dekkbi.com\/index.php?rest_route=%2Fwp%2Fv2%2Fcomments&post=59816"}],"version-history":[{"count":1,"href":"https:\/\/dekkbi.com\/index.php?rest_route=\/wp\/v2\/posts\/59816\/revisions"}],"predecessor-version":[{"id":59817,"href":"https:\/\/dekkbi.com\/index.php?rest_route=\/wp\/v2\/posts\/59816\/revisions\/59817"}],"wp:featuredmedia":[{"embeddable":true,"href":"https:\/\/dekkbi.com\/index.php?rest_route=\/wp\/v2\/media\/52245"}],"wp:attachment":[{"href":"https:\/\/dekkbi.com\/index.php?rest_route=%2Fwp%2Fv2%2Fmedia&parent=59816"}],"wp:term":[{"taxonomy":"category","embeddable":true,"href":"https:\/\/dekkbi.com\/index.php?rest_route=%2Fwp%2Fv2%2Fcategories&post=59816"},{"taxonomy":"post_tag","embeddable":true,"href":"https:\/\/dekkbi.com\/index.php?rest_route=%2Fwp%2Fv2%2Ftags&post=59816"}],"curies":[{"name":"wp","href":"https:\/\/api.w.org\/{rel}","templated":true}]}}