{"id":59813,"date":"2025-07-15T11:20:32","date_gmt":"2025-07-15T11:20:32","guid":{"rendered":"https:\/\/dekkbi.com\/?p=59813"},"modified":"2025-07-15T11:30:03","modified_gmt":"2025-07-15T11:30:03","slug":"bassirou-diomaye-faye-insiste-sur-la-preservation-de-la-stabilite-politique","status":"publish","type":"post","link":"https:\/\/dekkbi.com\/?p=59813","title":{"rendered":"Bassirou Diomaye Faye insiste sur la pr\u00e9servation de la stabilit\u00e9 politique"},"content":{"rendered":"\n<p>Dakar, (APS) \u2013 Le pr\u00e9sident de la R\u00e9publique, Bassirou Diomaye Faye, a insist\u00e9 sur l\u2019importance de la stabilit\u00e9 politique dont jouit le S\u00e9n\u00e9gal, un atout, selon lui, pour attirer les investisseurs.<\/p>\n\n\n\n<p>Recevant le Rapport g\u00e9n\u00e9ral du Dialogue national sur le syst\u00e8me politique s\u00e9n\u00e9galais, lundi, le chef de l\u2019Etat a d\u00e9clar\u00e9 avoir \u201dvendu\u201d aux investisseurs am\u00e9ricains, lors de sa r\u00e9cente visite aux USA,&nbsp;cette stabilit\u00e9, un acquis que beaucoup de pays envient au S\u00e9n\u00e9gal, d\u2019apr\u00e8s lui.<\/p>\n\n\n\n<p>\u201dDe toutes les rencontres que j\u2019ai eues aux Etats-Unis, deux ont \u00e9t\u00e9 les plus importantes pour moi. Il s\u2019agit de celle avec la chambre de commerce am\u00e9ricaine avec les investisseurs pour les convaincre de venir investir au S\u00e9n\u00e9gal, pour cr\u00e9er des emplois\u201d, a-t-il dit.<\/p>\n\n\n\n<p>Bassirou Diomaye Faye a rappel\u00e9 que \u201dpour pr\u00e9server cette stabilit\u00e9 politique, il faut un climat politique apais\u00e9 pour convaincre et rassurer les investisseurs\u201d.<\/p>\n\n\n\n<p>Il s\u2019est engag\u00e9 \u00e0 ne m\u00e9nager aucun effort pour pr\u00e9server ce climat de paix \u201dnuit et jour, matin et soir, avec tous ceux qui s\u2019inscriront dans cette dynamique\u201d.<\/p>\n\n\n\n<p>Le pr\u00e9sident Faye a rappel\u00e9 que le pouvoir a h\u00e9rit\u00e9 d\u2019une situation \u00e9conomique et financi\u00e8re complexe, et dont la solution n\u00e9cessite la paix.<\/p>\n\n\n\n<p>\u201dTout autre chose qui nous ferait d\u00e9vier de cette ligne ne ferait que davantage frustrer les S\u00e9n\u00e9galais\u201d, a-t-il insist\u00e9.<\/p>\n\n\n\n<p>\u201dNous venons de loin, de tr\u00e8s loin. On ne peut l\u2019oublier parce que c\u2019est encore frais dans nos m\u00e9moires\u201d, a-t-il ajout\u00e9, faisant allusion aux troubles qu\u2019a connus le S\u00e9n\u00e9gal entre f\u00e9vrier 2021 et mars 2024.<\/p>\n\n\n\n<p>\u201dJe sais dans quel \u00e9tat j\u2019ai trouv\u00e9 ce pays, il y a eu dans des d\u00e9chirures profondes jusque dans des familles. Et nous \u00e9tions tous d\u2019accord que le pr\u00e9sident qui serait \u00e9lu aura comme premier chantier de r\u00e9concilier le S\u00e9n\u00e9gal\u201d, a dit le pr\u00e9sident Faye.<\/p>\n\n\n\n<p>\u201dC\u2019est pourquoi j\u2019avais tenu \u00e0 ce qu\u2019on respecte la Journ\u00e9e du Dialogue national (initi\u00e9e par son pr\u00e9d\u00e9cesseur, Macky Sall) pour r\u00e9concilier les S\u00e9n\u00e9galais avec la justice, restaurer la confiance du citoyen dans la justice\u201d, a-t-il expliqu\u00e9.&nbsp;Le th\u00e8me du Dialogue nationale de 2024 portait sur la r\u00e9forme et la modernisation de la justice.<\/p>\n\n\n\n<p>HK\/OID<\/p>\n","protected":false},"excerpt":{"rendered":"<p>Dakar, (APS) \u2013 Le pr\u00e9sident de la R\u00e9publique, Bassirou Diomaye Faye, a insist\u00e9 sur l\u2019importance de la stabilit\u00e9 politique dont<\/p>\n","protected":false},"author":1,"featured_media":59818,"comment_status":"open","ping_status":"open","sticky":false,"template":"","format":"standard","meta":{"footnotes":""},"categories":[6],"tags":[],"class_list":["post-59813","post","type-post","status-publish","format-standard","has-post-thumbnail","hentry","category-politics"],"_links":{"self":[{"href":"https:\/\/dekkbi.com\/index.php?rest_route=\/wp\/v2\/posts\/59813","targetHints":{"allow":["GET"]}}],"collection":[{"href":"https:\/\/dekkbi.com\/index.php?rest_route=\/wp\/v2\/posts"}],"about":[{"href":"https:\/\/dekkbi.com\/index.php?rest_route=\/wp\/v2\/types\/post"}],"author":[{"embeddable":true,"href":"https:\/\/dekkbi.com\/index.php?rest_route=\/wp\/v2\/users\/1"}],"replies":[{"embeddable":true,"href":"https:\/\/dekkbi.com\/index.php?rest_route=%2Fwp%2Fv2%2Fcomments&post=59813"}],"version-history":[{"count":1,"href":"https:\/\/dekkbi.com\/index.php?rest_route=\/wp\/v2\/posts\/59813\/revisions"}],"predecessor-version":[{"id":59815,"href":"https:\/\/dekkbi.com\/index.php?rest_route=\/wp\/v2\/posts\/59813\/revisions\/59815"}],"wp:featuredmedia":[{"embeddable":true,"href":"https:\/\/dekkbi.com\/index.php?rest_route=\/wp\/v2\/media\/59818"}],"wp:attachment":[{"href":"https:\/\/dekkbi.com\/index.php?rest_route=%2Fwp%2Fv2%2Fmedia&parent=59813"}],"wp:term":[{"taxonomy":"category","embeddable":true,"href":"https:\/\/dekkbi.com\/index.php?rest_route=%2Fwp%2Fv2%2Fcategories&post=59813"},{"taxonomy":"post_tag","embeddable":true,"href":"https:\/\/dekkbi.com\/index.php?rest_route=%2Fwp%2Fv2%2Ftags&post=59813"}],"curies":[{"name":"wp","href":"https:\/\/api.w.org\/{rel}","templated":true}]}}