{"id":59791,"date":"2025-07-14T13:31:08","date_gmt":"2025-07-14T13:31:08","guid":{"rendered":"https:\/\/dekkbi.com\/?p=59791"},"modified":"2025-07-14T13:31:08","modified_gmt":"2025-07-14T13:31:08","slug":"ambiance-festive-a-castel-gandolfo-pour-le-premier-angelus-du-pape-leon-xiv","status":"publish","type":"post","link":"https:\/\/dekkbi.com\/?p=59791","title":{"rendered":"Ambiance festive \u00e0 Castel Gandolfo pour le premier Ang\u00e9lus du pape L\u00e9on XIV"},"content":{"rendered":"\n<p>\u00a9 2025 AFP &#8211; Le pape L\u00e9on XIV s&rsquo;adresse \u00e0 la foule pour la pri\u00e8re de l&rsquo;Ang\u00e9lus sur la Piazza della Liberta (place de la Libert\u00e9) devant le palais apostolique dans le domaine papal d&rsquo;\u00e9t\u00e9 \u00e0 Castel Gandolfo, \u00e0 40 km au sud-est de Rome, le 13 juillet 2025.<\/p>\n\n\n\n<p>Des milliers de personnes ont assist\u00e9 dimanche dans une ambiance festive \u00e0 la premi\u00e8re pri\u00e8re de l&rsquo;Ang\u00e9lus du pape L\u00e9on XIV \u00e0 Castel Gandolfo, pr\u00e8s de Rome, lieu de r\u00e9sidence estivale des papes avec lequel il a renou\u00e9 pour ses vacances.<\/p>\n\n\n\n<p>\u00ab\u00a0Je suis heureux d&rsquo;\u00eatre parmi vous (&#8230;) et vous remercie tous pour votre accueil chaleureux\u00a0\u00bb, a d\u00e9clar\u00e9 le pape, devant la porte du palais apostolique, encadr\u00e9e par deux gardes suisses en uniforme de gala.<\/p>\n\n\n\n<p>Le pape am\u00e9ricano-p\u00e9ruvien est arriv\u00e9 le 6 juillet pour deux semaines de repos dans cette petite bourgade situ\u00e9e \u00e0 une trentaine de kilom\u00e8tres au sud-est de Rome, sur les hauteurs du lac Albano, o\u00f9 se trouve la r\u00e9sidence estivale des papes.<\/p>\n\n\n\n<p>Son s\u00e9jour \u00e9tait particuli\u00e8rement attendu au niveau local, puisqu&rsquo;il renoue ainsi avec une tradition d\u00e9laiss\u00e9e par son pr\u00e9d\u00e9cesseur, le pape Fran\u00e7ois, qui pr\u00e9f\u00e9rait rester au Vatican et avait transform\u00e9 la r\u00e9sidence pontificale en mus\u00e9e.<\/p>\n\n\n\n<p>Malgr\u00e9 la pluie, des milliers de personnes, fid\u00e8les et touristes, s&rsquo;\u00e9taient mass\u00e9es dans les rues de la commune, derri\u00e8re des barri\u00e8res ou aux fen\u00eatres pour apercevoir le chef de l&rsquo;Eglise catholique.<\/p>\n\n\n\n<p>Quelques minutes plus t\u00f4t, Robert Francis Prevost avait pr\u00e9sid\u00e9 la messe dans l&rsquo;\u00e9glise Saint Thomas de Villanova, puis travers\u00e9 la place de la Libert\u00e9 sous les acclamations de la foule.<\/p>\n\n\n\n<p>\u00ab\u00a0N&rsquo;oublions pas de prier pour la paix et pour tous ceux qui se trouvent dans la souffrance et le besoin \u00e0 cause de la guerre\u00a0\u00bb, a sobrement conclu le pape.<\/p>\n","protected":false},"excerpt":{"rendered":"<p>\u00a9 2025 AFP &#8211; Le pape L\u00e9on XIV s&rsquo;adresse \u00e0 la foule pour la pri\u00e8re de l&rsquo;Ang\u00e9lus sur la Piazza<\/p>\n","protected":false},"author":1,"featured_media":59792,"comment_status":"open","ping_status":"open","sticky":false,"template":"","format":"standard","meta":{"footnotes":""},"categories":[51],"tags":[],"class_list":["post-59791","post","type-post","status-publish","format-standard","has-post-thumbnail","hentry","category-general"],"_links":{"self":[{"href":"https:\/\/dekkbi.com\/index.php?rest_route=\/wp\/v2\/posts\/59791","targetHints":{"allow":["GET"]}}],"collection":[{"href":"https:\/\/dekkbi.com\/index.php?rest_route=\/wp\/v2\/posts"}],"about":[{"href":"https:\/\/dekkbi.com\/index.php?rest_route=\/wp\/v2\/types\/post"}],"author":[{"embeddable":true,"href":"https:\/\/dekkbi.com\/index.php?rest_route=\/wp\/v2\/users\/1"}],"replies":[{"embeddable":true,"href":"https:\/\/dekkbi.com\/index.php?rest_route=%2Fwp%2Fv2%2Fcomments&post=59791"}],"version-history":[{"count":1,"href":"https:\/\/dekkbi.com\/index.php?rest_route=\/wp\/v2\/posts\/59791\/revisions"}],"predecessor-version":[{"id":59793,"href":"https:\/\/dekkbi.com\/index.php?rest_route=\/wp\/v2\/posts\/59791\/revisions\/59793"}],"wp:featuredmedia":[{"embeddable":true,"href":"https:\/\/dekkbi.com\/index.php?rest_route=\/wp\/v2\/media\/59792"}],"wp:attachment":[{"href":"https:\/\/dekkbi.com\/index.php?rest_route=%2Fwp%2Fv2%2Fmedia&parent=59791"}],"wp:term":[{"taxonomy":"category","embeddable":true,"href":"https:\/\/dekkbi.com\/index.php?rest_route=%2Fwp%2Fv2%2Fcategories&post=59791"},{"taxonomy":"post_tag","embeddable":true,"href":"https:\/\/dekkbi.com\/index.php?rest_route=%2Fwp%2Fv2%2Ftags&post=59791"}],"curies":[{"name":"wp","href":"https:\/\/api.w.org\/{rel}","templated":true}]}}