{"id":59788,"date":"2025-07-14T13:23:38","date_gmt":"2025-07-14T13:23:38","guid":{"rendered":"https:\/\/dekkbi.com\/?p=59788"},"modified":"2025-07-14T13:23:39","modified_gmt":"2025-07-14T13:23:39","slug":"espagne-ce-que-lon-sait-sur-les-emeutes-anti-immigres-apres-lagression-dun-retraite","status":"publish","type":"post","link":"https:\/\/dekkbi.com\/?p=59788","title":{"rendered":"Espagne : ce que l&rsquo;on sait sur les \u00e9meutes anti-immigr\u00e9s apr\u00e8s l&rsquo;agression d&rsquo;un retrait\u00e9"},"content":{"rendered":"\n<p>Les autorit\u00e9s espagnoles ont appel\u00e9 au calme dimanche \u00e0 Torre Pacheco, une commune proche de Murcie, dans le sud-est du pays, secou\u00e9e par une deuxi\u00e8me nuit cons\u00e9cutive d\u2019\u00e9meutes visant des populations immigr\u00e9es. Ces tensions font suite \u00e0 l\u2019agression d\u2019un retrait\u00e9 par trois jeunes hommes, toujours en fuite.<\/p>\n\n\n\n<p><strong>Par  &#8211; TV5MONDE &#8211;<\/strong> La col\u00e8re n&rsquo;est toujours pas retomb\u00e9e. Torre Pacheco, ville de 36 000 habitants situ\u00e9e sur la c\u00f4t\u00e9 m\u00e9diterran\u00e9enne, a connu dans la nuit de samedi \u00e0 dimanche une deuxi\u00e8me nuit cons\u00e9cutive d&rsquo;\u00e9meutes, avec des affrontements\u00a0qui ont fait au moins cinq bless\u00e9s\u00a0selon la pr\u00e9fecture. Le\u00a0localit\u00e9 est devenue\u00a0<em>\u201cune v\u00e9ritable cocotte-minute\u201d,\u00a0<\/em>rapport le quotidien\u00a0<em>La Opini\u00f3n de Murcia.\u00a0<\/em><\/p>\n\n\n\n<ul class=\"wp-block-list\">\n<li>Une manifestation pacifique qui d\u00e9g\u00e9n\u00e8re\u00a0<\/li>\n<\/ul>\n\n\n\n<p>Tout a commenc\u00e9 apr\u00e8s la violente agression en pleine rue, mercredi \u00e0 l&rsquo;aube, d&rsquo;un habitant de 68 ans. Ce retrait\u00e9, pr\u00e9nomm\u00e9 Domingo, a racont\u00e9 \u00e0 des m\u00e9dias espagnols, le visage tum\u00e9fi\u00e9, avoir \u00e9t\u00e9 attaqu\u00e9 par trois jeunes d&rsquo;origine nord-africaine sans motif apparent.<\/p>\n\n\n\n<p>Cette agression, film\u00e9e et dont la vid\u00e9o a \u00e9t\u00e9 mise en ligne sur les r\u00e9seaux sociaux, a pouss\u00e9 la mairie de la commune, dont plus de 30% de la population est d&rsquo;origine \u00e9trang\u00e8re, \u00e0 organiser un rassemblement vendredi apr\u00e8s-midi. Cette manifestation, qui se voulait pacifique, a d\u00e9g\u00e9n\u00e9r\u00e9 en raison de la pr\u00e9sence de groupes d&rsquo;extr\u00eame-droite qui ont diffus\u00e9 des slogans anti-immigr\u00e9s, selon les autorit\u00e9s.<\/p>\n\n\n\n<ul class=\"wp-block-list\">\n<li>Des groupes d&rsquo;extr\u00eame-droite appellent \u00e0 une \u00ab\u00a0chasse\u00a0\u00bb aux immigr\u00e9s<\/li>\n<\/ul>\n\n\n\n<p>D&rsquo;apr\u00e8s le quotidien&nbsp;<em>La Opini\u00f3n de Murcia<\/em>, plusieurs groupes de personnes ont parcouru les rues de la commune avec des b\u00e2tons \u00e0 la recherche de personnes d&rsquo;origine \u00e9trang\u00e8re, malgr\u00e9 le d\u00e9ploiement d&rsquo;un important dispositif policier. Au moins une personne a \u00e9t\u00e9 interpell\u00e9e, selon la pr\u00e9fecture.<\/p>\n\n\n\n<p>Un autre groupe d&rsquo;extr\u00eame-droite, baptis\u00e9 \u00ab\u00a0<em>Deport them now<\/em>\u00a0\u00bb (\u00ab\u00a0D\u00e9portez-les maintenant\u00a0\u00bb) a appel\u00e9 sur Telegram \u00e0 une&nbsp;<em>\u00ab\u00a0chasse\u00a0\u00bb&nbsp;<\/em>aux personnes d&rsquo;origine nord-africaine les 15, 16, 17 juillet avec pour objectif de retrouver les agresseurs.&nbsp;<\/p>\n\n\n\n<blockquote class=\"wp-block-quote is-layout-flow wp-block-quote-is-layout-flow\">\n<p>Si<em>&nbsp;les autres Maghr\u00e9bins de la commune ne collaborent pas \u00e0 l&rsquo;identification des coupables, ils deviendront automatiquement coupables et devront payer.<\/em><\/p>\n\n\n\n<p><em>Groupe \u00ab\u00a0Deport them now\u00a0\u00bb sur Telegram&nbsp;<\/em><\/p>\n<\/blockquote>\n\n\n\n<p>Ce m\u00eame groupe incite \u00e0 incendier des commerces tenus par des Maghr\u00e9bins.&nbsp;<\/p>\n\n\n\n<ul class=\"wp-block-list\">\n<li>La gauche accuse l&rsquo;extr\u00eame-droit de jeter de l&rsquo;huile sur le feu<\/li>\n<\/ul>\n\n\n\n<p>Les autorit\u00e9s, de leur c\u00f4t\u00e9, ont tent\u00e9 d&rsquo;apaiser les esprits :&nbsp;<\/p>\n\n\n\n<blockquote class=\"wp-block-quote is-layout-flow wp-block-quote-is-layout-flow\">\n<p>Torre Pacheco doit retrouver la normalit\u00e9 (&#8230;) Je comprends la frustration, mais rien ne justifie la violence.<\/p>\n\n\n\n<p>Fernando Lopez Miras, le pr\u00e9sident conservateur de la r\u00e9gion de Murcie membre du Parti populaire (PP, conservateur)<\/p>\n<\/blockquote>\n\n\n\n<blockquote class=\"wp-block-quote is-layout-flow wp-block-quote-is-layout-flow\">\n<p>J&rsquo;appelle les habitants au calme, \u00e0 la tranquillit\u00e9 (&#8230;). Mais il ne faut pas que cela reste impuni.<\/p>\n\n\n\n<p>Pedro Angel Roca Ternel, maire de Torre Pacheco, membre du Parti populaire (PP, conservateur)<\/p>\n<\/blockquote>\n\n\n\n<p>Le maire a aussi appel\u00e9 \u00e0 ne pas confondre les \u00ab\u00a0<em>d\u00e9linquants<\/em>\u00a0\u00bb avec l&rsquo;ensemble de la population immigr\u00e9e, venue \u00ab\u00a0<em>pour travailler\u00a0\u00bb.<\/em><\/p>\n\n\n\n<p>Dans un message sur le r\u00e9seau social Bluesky, la ministre de la Jeunesse Sira Rego, membre du parti d&rsquo;extr\u00eame gauche Sumar, a condamn\u00e9&nbsp;<em>\u00ab\u00a0fermement les pers\u00e9cutions racistes contre les personnes migrantes \u00e0 Torre Pacheco\u00a0\u00bb<\/em>, mettant en cause le r\u00f4le de \u00ab\u00a0l<em>&lsquo;ultradroite<\/em>\u00a0\u00bb dans ces \u00e9meutes.<\/p>\n\n\n\n<p>Maria Marin, d\u00e9put\u00e9e et porte-parole de Podemos, a d\u00e9clar\u00e9 que le parti&nbsp;<em>\u00ab\u00a0condamnait l&rsquo;agression sauvage\u00a0\u00bb&nbsp;<\/em>de l&rsquo;homme \u00e2g\u00e9 \u00e0 Torre Pacheco, mais en appelait aussi \u00e0 la vigilance du gouvernement sur l&rsquo;instrumentalisation de cet \u00e9v\u00e8nement par l&rsquo;extr\u00eame-droite. &nbsp;<\/p>\n\n\n\n<blockquote class=\"wp-block-quote is-layout-flow wp-block-quote-is-layout-flow\">\n<p>Face \u00e0 l&rsquo;appel de VOX (parti d&rsquo;extr\u00eame-droite) et de plusieurs organisations n\u00e9onazies, nous demandons \u00e0 la d\u00e9l\u00e9gation du gouvernement d&rsquo;agir pr\u00e9ventivement &nbsp;et d&rsquo;interdire ces rassemblements violents pour maintenir la s\u00e9curit\u00e9 et la coexistance de tous les habitants de Torre Pachoco.&nbsp;<\/p>\n<\/blockquote>\n","protected":false},"excerpt":{"rendered":"<p>Les autorit\u00e9s espagnoles ont appel\u00e9 au calme dimanche \u00e0 Torre Pacheco, une commune proche de Murcie, dans le sud-est du<\/p>\n","protected":false},"author":1,"featured_media":59789,"comment_status":"open","ping_status":"open","sticky":false,"template":"","format":"standard","meta":{"footnotes":""},"categories":[51],"tags":[],"class_list":["post-59788","post","type-post","status-publish","format-standard","has-post-thumbnail","hentry","category-general"],"_links":{"self":[{"href":"https:\/\/dekkbi.com\/index.php?rest_route=\/wp\/v2\/posts\/59788","targetHints":{"allow":["GET"]}}],"collection":[{"href":"https:\/\/dekkbi.com\/index.php?rest_route=\/wp\/v2\/posts"}],"about":[{"href":"https:\/\/dekkbi.com\/index.php?rest_route=\/wp\/v2\/types\/post"}],"author":[{"embeddable":true,"href":"https:\/\/dekkbi.com\/index.php?rest_route=\/wp\/v2\/users\/1"}],"replies":[{"embeddable":true,"href":"https:\/\/dekkbi.com\/index.php?rest_route=%2Fwp%2Fv2%2Fcomments&post=59788"}],"version-history":[{"count":1,"href":"https:\/\/dekkbi.com\/index.php?rest_route=\/wp\/v2\/posts\/59788\/revisions"}],"predecessor-version":[{"id":59790,"href":"https:\/\/dekkbi.com\/index.php?rest_route=\/wp\/v2\/posts\/59788\/revisions\/59790"}],"wp:featuredmedia":[{"embeddable":true,"href":"https:\/\/dekkbi.com\/index.php?rest_route=\/wp\/v2\/media\/59789"}],"wp:attachment":[{"href":"https:\/\/dekkbi.com\/index.php?rest_route=%2Fwp%2Fv2%2Fmedia&parent=59788"}],"wp:term":[{"taxonomy":"category","embeddable":true,"href":"https:\/\/dekkbi.com\/index.php?rest_route=%2Fwp%2Fv2%2Fcategories&post=59788"},{"taxonomy":"post_tag","embeddable":true,"href":"https:\/\/dekkbi.com\/index.php?rest_route=%2Fwp%2Fv2%2Ftags&post=59788"}],"curies":[{"name":"wp","href":"https:\/\/api.w.org\/{rel}","templated":true}]}}