{"id":59778,"date":"2025-07-14T12:40:47","date_gmt":"2025-07-14T12:40:47","guid":{"rendered":"https:\/\/dekkbi.com\/?p=59778"},"modified":"2025-07-14T12:40:48","modified_gmt":"2025-07-14T12:40:48","slug":"quelle-strategie-des-27-face-a-la-date-butoir-du-1er-aout-sur-les-droits-de-douane-de-30-imposes-par-trump","status":"publish","type":"post","link":"https:\/\/dekkbi.com\/?p=59778","title":{"rendered":"Quelle strat\u00e9gie des 27 face \u00e0 la date butoir du 1er ao\u00fbt sur les droits de douane de 30% impos\u00e9s par Trump ?"},"content":{"rendered":"\n<p>Les ministres du Commerce des 27 sont r\u00e9unis depuis ce lundi 14 juillet \u00e0 Bruxelles pour asseoir la position de l\u2019Union europ\u00e9enne face aux \u00c9tats-Unis apr\u00e8s les nouvelles menaces de Donald Trump d&rsquo;imposer des droits de douane de 30%. L\u2019id\u00e9e est de profiter du temps qui reste jusqu&rsquo;au 1er ao\u00fbt pour une derni\u00e8re tentative de n\u00e9gociation tout en pr\u00e9parant la mise en application de mesures de r\u00e9torsion.<\/p>\n\n\n\n<p><em>De <strong>Pierre B\u00e9nazet<\/strong><\/em>, <em>correspondant RFI \u00e0 Bruxelles<\/em><\/p>\n\n\n\n<p>\u00c0 la t\u00eate de la pr\u00e9sidence tournante du Conseil des ministres de l\u2019Union europ\u00e9enne, le ministre danois des Affaires \u00e9trang\u00e8res Lars L\u00f8kke Rasmussen a convoqu\u00e9 cette r\u00e9union des ministres du Commerce avec la ferme intention de trouver un terrain d\u2019entente solide entre les 27 apr\u00e8s la multiplication pendant le week-end des appels des capitales de l\u2019<strong>Union europ\u00e9enne<\/strong>\u00a0\u00e0 la plus grande fermet\u00e9 : \u00ab\u00a0<em>Nous voulons n\u00e9gocier. Mais il y a un vieux dicton qui dit que si l&rsquo;on veut la paix, il faut se pr\u00e9parer \u00e0 la guerre. Bien s\u00fbr, nous ne devrions pas imposer de contre-mesures \u00e0 ce stade, mais nous devrions nous pr\u00e9parer \u00e0 utiliser tous les outils de la bo\u00eete \u00e0 outils.\u00a0<\/em>\u00bb<\/p>\n\n\n\n<p>Mais pour Maro\u0161 \u0160ef\u010dovi\u010d, commissaire europ\u00e9en au Commerce, les marges de man\u0153uvre des Europ\u00e9ens sont extr\u00eamement r\u00e9duites : \u00ab<em>&nbsp;Ceci emp\u00eacherait tout commerce. Si vous parlez de 30\u2009% ou plus, \u00e7a aura un impact \u00e9norme sur les \u00e9changes, il sera presque impossible de continuer \u00e0 commercer comme nous en avons l\u2019habitude dans la relation transatlantique. C&rsquo;est pourquoi je ferai tout ce qui est en mon pouvoir pour emp\u00eacher ce sc\u00e9nario extr\u00eamement n\u00e9gatif.&nbsp;<\/em>\u00bb<\/p>\n\n\n\n<p>En l\u2019\u00e9tat, les 30\u2009% de droits de douane g\u00e9n\u00e9raux viendraient s\u2019ajouter \u00e0 25\u2009% d\u00e9j\u00e0 impos\u00e9s \u00e0 l\u2019Union europ\u00e9enne sur l\u2019<strong>automobile<\/strong>\u00a0et 50\u2009% sur l\u2019acier et l\u2019aluminium et les Europ\u00e9ens n\u2019ont d\u2019autre choix que de r\u00e9ussir \u00e0 n\u00e9gocier ou bien d\u2019imposer des contre-mesures cons\u00e9quentes.<\/p>\n","protected":false},"excerpt":{"rendered":"<p>Les ministres du Commerce des 27 sont r\u00e9unis depuis ce lundi 14 juillet \u00e0 Bruxelles pour asseoir la position de<\/p>\n","protected":false},"author":1,"featured_media":59779,"comment_status":"open","ping_status":"open","sticky":false,"template":"","format":"standard","meta":{"footnotes":""},"categories":[51],"tags":[],"class_list":["post-59778","post","type-post","status-publish","format-standard","has-post-thumbnail","hentry","category-general"],"_links":{"self":[{"href":"https:\/\/dekkbi.com\/index.php?rest_route=\/wp\/v2\/posts\/59778","targetHints":{"allow":["GET"]}}],"collection":[{"href":"https:\/\/dekkbi.com\/index.php?rest_route=\/wp\/v2\/posts"}],"about":[{"href":"https:\/\/dekkbi.com\/index.php?rest_route=\/wp\/v2\/types\/post"}],"author":[{"embeddable":true,"href":"https:\/\/dekkbi.com\/index.php?rest_route=\/wp\/v2\/users\/1"}],"replies":[{"embeddable":true,"href":"https:\/\/dekkbi.com\/index.php?rest_route=%2Fwp%2Fv2%2Fcomments&post=59778"}],"version-history":[{"count":1,"href":"https:\/\/dekkbi.com\/index.php?rest_route=\/wp\/v2\/posts\/59778\/revisions"}],"predecessor-version":[{"id":59780,"href":"https:\/\/dekkbi.com\/index.php?rest_route=\/wp\/v2\/posts\/59778\/revisions\/59780"}],"wp:featuredmedia":[{"embeddable":true,"href":"https:\/\/dekkbi.com\/index.php?rest_route=\/wp\/v2\/media\/59779"}],"wp:attachment":[{"href":"https:\/\/dekkbi.com\/index.php?rest_route=%2Fwp%2Fv2%2Fmedia&parent=59778"}],"wp:term":[{"taxonomy":"category","embeddable":true,"href":"https:\/\/dekkbi.com\/index.php?rest_route=%2Fwp%2Fv2%2Fcategories&post=59778"},{"taxonomy":"post_tag","embeddable":true,"href":"https:\/\/dekkbi.com\/index.php?rest_route=%2Fwp%2Fv2%2Ftags&post=59778"}],"curies":[{"name":"wp","href":"https:\/\/api.w.org\/{rel}","templated":true}]}}