{"id":59733,"date":"2025-07-14T10:52:39","date_gmt":"2025-07-14T10:52:39","guid":{"rendered":"https:\/\/dekkbi.com\/?p=59733"},"modified":"2025-07-14T10:52:40","modified_gmt":"2025-07-14T10:52:40","slug":"marche-tilene-de-ziguinchor-les-commercants-reclament-louverture-du-lieu","status":"publish","type":"post","link":"https:\/\/dekkbi.com\/?p=59733","title":{"rendered":"March\u00e9 Til\u00e8ne de Ziguinchor : les commer\u00e7ants r\u00e9clament l\u2019ouverture du lieu"},"content":{"rendered":"\n<p><strong>Ravag\u00e9 par un incendie le 11 Ao\u00fbt 2018, le march\u00e9 Til\u00e8ne de Ziguinchor tarde \u00e0 rouvrir ses portes. D\u2019o\u00f9 la col\u00e8re et le d\u00e9sarroi de ces commer\u00e7ants qui alertent les autorit\u00e9s sur leur triste sort depuis sept ans. Aujourd\u2019hui ils r\u00e9clament l\u2019ouverture de ce march\u00e9 pour soulager leurs souffrances. Les fausses promesses sur son ouverture se suivent et se succ\u00e8dent&nbsp;; ce qui a fini de plonger ces commer\u00e7ants dans le d\u00e9sarroi total, eux qui \u00e9talent leur chapelet de difficult\u00e9s.<\/strong><\/p>\n\n\n\n<p>Languis de la tr\u00e8s longue attente sur l\u2019ouverture de leur march\u00e9, les commer\u00e7ants du march\u00e9 Til\u00e8ne ravag\u00e9 par un incendie en Ao\u00fbt 2018 \u00e9talent leur col\u00e8re et d\u00e9sarroi. Les sept mois promis pour l\u2019ouverture de ce march\u00e9 vont bient\u00f4t se transformer en sept longues&nbsp; ann\u00e9es. Les promesses se suivent et se&nbsp;ressemblent&nbsp;:&nbsp; suffisant pour irriter ces commer\u00e7ants qui se mobilis\u00e9s samedi devant ce march\u00e9. \u00ab&nbsp; Nous sommes fatigu\u00e9s d\u2019attendre, voil\u00e0 maintenant sept ans que nous sommes l\u00e0 en train d\u2019errer. Les autorit\u00e9s nous avaient parl\u00e9 d\u2019un d\u00e9lai de sept mois pour donner les cl\u00e9s du march\u00e9 mais toujours rien. Le 11 ao\u00fbt prochain, ce sera le septi\u00e8me anniversaire de l\u2019incendie qui avait ravag\u00e9 ce march\u00e9. C\u2019est pourquoi nous nous sommes mobilis\u00e9s aujourd\u2019hui pour alerter les autorit\u00e9s sur l\u2019urgence de l\u2019ouverture de ce march\u00e9 \u2026&nbsp;\u00bb, lance le pr\u00e9sident des commer\u00e7ants du march\u00e9 Til\u00e8ne,&nbsp; Ousmane Faye dit Boy S\u00e9r\u00e8re. Til\u00e8ne ravag\u00e9 par un incendie en Ao\u00fbt 2018, des centaines de sinistr\u00e9s avaient \u00e9t\u00e9 enregistr\u00e9s dans ce march\u00e9 dont les travaux sont presque achev\u00e9s. \u00ab&nbsp;Nous, les femmes,&nbsp; nous ne savons plus quoi faire. Depuis d\u00e9cembre 2024, nous avons \u00e9t\u00e9 d\u00e9guerpis des alentours du march\u00e9. Nos activit\u00e9s sont bloqu\u00e9es depuis\u00bb, peste une commer\u00e7ante du march\u00e9&nbsp; qui exprime tout son d\u00e9sarroi comme la plupart des commer\u00e7ants de ce march\u00e9 qui n\u2019ont qu\u2019une seule et unique exigence&nbsp;: l\u2019ouverture de ce march\u00e9. \u00ab&nbsp; Nous interpellons le Pr\u00e9sident de la R\u00e9publique Bassirou Diomaye Faye et le Premier&nbsp; Ministre Ousmane Sonko pour qu\u2019ils activent le plus rapidement possible l\u2019ouverture de ce march\u00e9 car nous sommes fatigu\u00e9s. Nous les remercions d\u2019ailleurs car d\u00e8s leur arriv\u00e9e, ils ont tout fait pour boucler les travaux mais l\u2019ouverture tarde\u00bb,&nbsp; d\u00e9clare Boy S\u00e9r\u00e8re qui a profit\u00e9 de cette forte mobilisation des commer\u00e7ants pour diagnostiquer la situation difficile des commer\u00e7ants de ce march\u00e9. \u00ab&nbsp;Tous les march\u00e9s de Ziguinchor sont encombr\u00e9s, parce que les commer\u00e7ants qui sont l\u00e0 ne savent plus o\u00f9 donner de la t\u00eate&nbsp;; ils sont dans les rues. Nous remercions d\u2019ailleurs ces commer\u00e7ants qui sont rest\u00e9s sept ans sans crier \u2026&nbsp;\u00bb, l\u00e2che le Pr\u00e9sident des commer\u00e7ants qui interpelle les autorit\u00e9s sur fond de d\u00e9tresse. En attendant, certains de ces commer\u00e7ants \u00e0 d\u00e9faut de retrouver les cantines construites \u00e9talent leurs marchandises sur la chauss\u00e9e aux abords du march\u00e9 qui bouclera ses sept ans de travaux le 11 Ao\u00fbt prochain<\/p>\n\n\n\n<p><strong>IGNACE NDEYE<\/strong><\/p>\n\n\n\n<p>SUDQUOTIDIEN<\/p>\n","protected":false},"excerpt":{"rendered":"<p>Ravag\u00e9 par un incendie le 11 Ao\u00fbt 2018, le march\u00e9 Til\u00e8ne de Ziguinchor tarde \u00e0 rouvrir ses portes. D\u2019o\u00f9 la<\/p>\n","protected":false},"author":1,"featured_media":59734,"comment_status":"open","ping_status":"open","sticky":false,"template":"","format":"standard","meta":{"footnotes":""},"categories":[21],"tags":[],"class_list":["post-59733","post","type-post","status-publish","format-standard","has-post-thumbnail","hentry","category-societe"],"_links":{"self":[{"href":"https:\/\/dekkbi.com\/index.php?rest_route=\/wp\/v2\/posts\/59733","targetHints":{"allow":["GET"]}}],"collection":[{"href":"https:\/\/dekkbi.com\/index.php?rest_route=\/wp\/v2\/posts"}],"about":[{"href":"https:\/\/dekkbi.com\/index.php?rest_route=\/wp\/v2\/types\/post"}],"author":[{"embeddable":true,"href":"https:\/\/dekkbi.com\/index.php?rest_route=\/wp\/v2\/users\/1"}],"replies":[{"embeddable":true,"href":"https:\/\/dekkbi.com\/index.php?rest_route=%2Fwp%2Fv2%2Fcomments&post=59733"}],"version-history":[{"count":1,"href":"https:\/\/dekkbi.com\/index.php?rest_route=\/wp\/v2\/posts\/59733\/revisions"}],"predecessor-version":[{"id":59735,"href":"https:\/\/dekkbi.com\/index.php?rest_route=\/wp\/v2\/posts\/59733\/revisions\/59735"}],"wp:featuredmedia":[{"embeddable":true,"href":"https:\/\/dekkbi.com\/index.php?rest_route=\/wp\/v2\/media\/59734"}],"wp:attachment":[{"href":"https:\/\/dekkbi.com\/index.php?rest_route=%2Fwp%2Fv2%2Fmedia&parent=59733"}],"wp:term":[{"taxonomy":"category","embeddable":true,"href":"https:\/\/dekkbi.com\/index.php?rest_route=%2Fwp%2Fv2%2Fcategories&post=59733"},{"taxonomy":"post_tag","embeddable":true,"href":"https:\/\/dekkbi.com\/index.php?rest_route=%2Fwp%2Fv2%2Ftags&post=59733"}],"curies":[{"name":"wp","href":"https:\/\/api.w.org\/{rel}","templated":true}]}}