{"id":59730,"date":"2025-07-14T10:50:38","date_gmt":"2025-07-14T10:50:38","guid":{"rendered":"https:\/\/dekkbi.com\/?p=59730"},"modified":"2025-07-14T11:10:02","modified_gmt":"2025-07-14T11:10:02","slug":"nouvel-ambassadeur-de-la-mauritanie-mohamed-aly-ould-sidi-mohamed-barikalla-prend-ses-quartiers-a-dakar","status":"publish","type":"post","link":"https:\/\/dekkbi.com\/?p=59730","title":{"rendered":"Nouvel ambassadeur de la Mauritanie : Mohamed Aly Ould Sidi Mohamed Barikalla prend ses quartiers \u00e0 Dakar"},"content":{"rendered":"\n<p>Mohamed Aly Ould Sidi Mohamed Barikalla est arriv\u00e9 \u00e0 Dakar depuis lundi dernier, apr\u00e8s la pr\u00e9sentation de ses lettres de cr\u00e9ance quelques jours plus t\u00f4t. C\u2019est le nouvel ambassadeur de la Mauritanie au S\u00e9n\u00e9gal dont la mission est \u00abd\u2019\u00e9lever le niveau de coop\u00e9ration entre le S\u00e9n\u00e9gal et la Mauritanie\u00bb. Surtout dans un contexte de renforcement des relations entre les deux pays unis par une fronti\u00e8re commune et l\u2019exploitation con\u00adjointe du gaz de Gta.<\/p>\n\n\n\n<p>C\u2019est un diplomate chevronn\u00e9 qui arrive \u00e0 Dakar. Il est n\u00e9 le 31 d\u00e9cembre 1963 \u00e0 Nouadhi\u00adbou. M. Aly Ould Sidi Mo\u00adhamed Barikalla est titulaire d\u2019un Doctorat en \u00e9nerg\u00e9tique obtenu en 1993 \u00e0 l\u2019Universit\u00e9 de Valenciennes en France, avec la mention tr\u00e8s honorable. Il a men\u00e9 une brillante carri\u00e8re universitaire et scientifique avant d\u2019int\u00e9grer les plus hautes sph\u00e8res de l\u2019Etat mauritanien.<\/p>\n\n\n\n<p>\u00abHomme d\u2019Etat, ing\u00e9nieur \u00e9nerg\u00e9ticien, Son Excellence Mohamed Aly Ould Sidi Mohamed incarne l\u2019alliance rare entre expertise technique et leadership politique. Nomm\u00e9 ambassadeur de la Mauritanie au S\u00e9n\u00e9gal, il apporte avec lui une riche exp\u00e9rience accumul\u00e9e sur plus de trois d\u00e9cennies dans les hautes sph\u00e8res administratives, \u00e9nerg\u00e9tiques et diplomatiques de son pays\u00bb, t\u00e9moigne une connaissance.<\/p>\n\n\n\n<p>Il a v\u00e9cu une carri\u00e8re marqu\u00e9e par des responsabilit\u00e9s strat\u00e9giques. Tour \u00e0 tour, il a \u00e9t\u00e9 ministre de l\u2019Equipement et des transports, ministre de l\u2019Energie et du p\u00e9trole, consid\u00e9r\u00e9 comme \u00abl\u2019architecte de la politique \u00e9nerg\u00e9tique mauritanienne\u00bb. Avant ses fonctions minist\u00e9rielles, il a \u00e9t\u00e9 D\u00e9l\u00e9gu\u00e9 g\u00e9n\u00e9ral \u00e0 la solidarit\u00e9 nationale, pr\u00e9sident de l\u2019Autorit\u00e9 de la zone franche de Nouadhibou (2020-2022) : dynamiseur de l\u2019\u00e9conomie maritime et industrielle, Di\u00adrec\u00adteur g\u00e9n\u00e9ral de la Somelec, de la Snde et de la Somagaz.<\/p>\n\n\n\n<p>Aujourd\u2019hui, Nouakchott a envoy\u00e9 \u00e0 Dakar, un \u00abdiplomate strat\u00e9gique \u00e0 l\u2019\u00e9coute, de dialogue\u00bb. \u00abEn tant qu\u2019actuel ambassadeur \u00e0 Dakar, M. Aly Ould Sidi Mohamed a su faire preuve d\u2019une approche calme, rationnelle et concert\u00e9e face \u00e0 des contextes sensibles. Il a notamment \u00e9t\u00e9 un acteur central dans le r\u00e9tablissement du dialogue et de la coop\u00e9ration bilat\u00e9rale, apr\u00e8s les tensions suscit\u00e9es par le traitement de la question migratoire. Sa nomination incarne la volont\u00e9 de Nouakchott de renforcer les liens de fraternit\u00e9 et de partenariat strat\u00e9gique avec le S\u00e9n\u00e9gal, un pays fr\u00e8re avec lequel la Mauritanie partage une longue histoire humaine, \u00e9conomique et culturelle\u00bb, ajoute-t-on.<\/p>\n\n\n\n<p>A Dakar, il devra renforcer les liens historiques entre la Mauritanie et le S\u00e9n\u00e9gal, promouvoir les \u00e9conomies compl\u00e9mentaires (\u00e9nergie, p\u00eache, infrastructures), \u0153uvrer pour la stabilit\u00e9 et l\u2019int\u00e9gration r\u00e9gionale en Afrique de l\u2019Ouest.<\/p>\n\n\n\n<p>LEQUOTIDIEN<\/p>\n","protected":false},"excerpt":{"rendered":"<p>Mohamed Aly Ould Sidi Mohamed Barikalla est arriv\u00e9 \u00e0 Dakar depuis lundi dernier, apr\u00e8s la pr\u00e9sentation de ses lettres de<\/p>\n","protected":false},"author":1,"featured_media":59731,"comment_status":"open","ping_status":"open","sticky":false,"template":"","format":"standard","meta":{"footnotes":""},"categories":[6],"tags":[],"class_list":["post-59730","post","type-post","status-publish","format-standard","has-post-thumbnail","hentry","category-politics"],"_links":{"self":[{"href":"https:\/\/dekkbi.com\/index.php?rest_route=\/wp\/v2\/posts\/59730","targetHints":{"allow":["GET"]}}],"collection":[{"href":"https:\/\/dekkbi.com\/index.php?rest_route=\/wp\/v2\/posts"}],"about":[{"href":"https:\/\/dekkbi.com\/index.php?rest_route=\/wp\/v2\/types\/post"}],"author":[{"embeddable":true,"href":"https:\/\/dekkbi.com\/index.php?rest_route=\/wp\/v2\/users\/1"}],"replies":[{"embeddable":true,"href":"https:\/\/dekkbi.com\/index.php?rest_route=%2Fwp%2Fv2%2Fcomments&post=59730"}],"version-history":[{"count":1,"href":"https:\/\/dekkbi.com\/index.php?rest_route=\/wp\/v2\/posts\/59730\/revisions"}],"predecessor-version":[{"id":59732,"href":"https:\/\/dekkbi.com\/index.php?rest_route=\/wp\/v2\/posts\/59730\/revisions\/59732"}],"wp:featuredmedia":[{"embeddable":true,"href":"https:\/\/dekkbi.com\/index.php?rest_route=\/wp\/v2\/media\/59731"}],"wp:attachment":[{"href":"https:\/\/dekkbi.com\/index.php?rest_route=%2Fwp%2Fv2%2Fmedia&parent=59730"}],"wp:term":[{"taxonomy":"category","embeddable":true,"href":"https:\/\/dekkbi.com\/index.php?rest_route=%2Fwp%2Fv2%2Fcategories&post=59730"},{"taxonomy":"post_tag","embeddable":true,"href":"https:\/\/dekkbi.com\/index.php?rest_route=%2Fwp%2Fv2%2Ftags&post=59730"}],"curies":[{"name":"wp","href":"https:\/\/api.w.org\/{rel}","templated":true}]}}