{"id":59727,"date":"2025-07-14T10:47:59","date_gmt":"2025-07-14T10:47:59","guid":{"rendered":"https:\/\/dekkbi.com\/?p=59727"},"modified":"2025-07-14T10:48:00","modified_gmt":"2025-07-14T10:48:00","slug":"diocese-de-saint-louis-mgr-augustin-simmel-ndiaye-ordonne-puis-intronise","status":"publish","type":"post","link":"https:\/\/dekkbi.com\/?p=59727","title":{"rendered":"Dioc\u00e8se de Saint-Louis : Mgr Augustin Simmel Ndiaye ordonn\u00e9 puis intronis\u00e9"},"content":{"rendered":"\n<p><strong>Le nouvel&nbsp;<\/strong><strong>\u00c9<\/strong><strong>v\u00eaque du Dioc\u00e8se de Saint-Louis, Monseigneur Augustin Simmel Ndiaye, a \u00e9t\u00e9 intronis\u00e9&nbsp;<\/strong><strong>hier,&nbsp;<\/strong><strong>dimanche&nbsp;<\/strong><strong>13 juillet&nbsp;<\/strong><strong>lors d\u2019une messe solennelle tenue \u00e0 la Cath\u00e9drale en pr\u00e9sence du Nonce apostolique et de la conf\u00e9rence des&nbsp;<\/strong><strong>\u00c9v\u00eaques du S\u00e9n\u00e9gal, de la Mauritanie, du Cap-Vert et de la Guin\u00e9e Bissau<\/strong><strong>.&nbsp;<\/strong><strong>Lors de cette c\u00e9l\u00e9bration eucharistique, toutes les entit\u00e9s du dioc\u00e8se (consacr\u00e9s et fid\u00e8les la\u00efcs) se sont pr\u00e9sent\u00e9es au nouvel \u00c9v\u00eaque qui devient aussi leur nouveau Pasteur.&nbsp;<\/strong><\/p>\n\n\n\n<p>\u200eApr\u00e8s avoir f\u00e9licit\u00e9 les responsables et membres du Comit\u00e9 d\u2019organisation de ce Sacre pour le travail abattu et qui a valu la r\u00e9ussite de cet \u00e9v\u00e9nement, le nouvel \u00c9v\u00eaque de Saint-Louis, Monseigneur Augustin Simmel Ndiaye a formul\u00e9 des pri\u00e8res \u00e0 leur endroit. \u00ab&nbsp;C\u2019est le c\u0153ur charg\u00e9 de beaucoup d\u2019\u00e9motions que je voudrais vous pr\u00e9senter \u00e0 l\u2019Autel du Seigneur pour qu\u2019il vous rende tout cela en gr\u00e2ce. Servir le Seigneur et le servir toujours joyeusement&nbsp;\u00bb, a-t-il dit. Il a salu\u00e9 la pr\u00e9sence massive des \u00e9v\u00eaques de&nbsp;la conf\u00e9rence \u00e9piscopale, et au-del\u00e0 de la conf\u00e9rence \u00e9piscopale r\u00e9gionale, nationale et territoriale, la conf\u00e9rence \u00e9piscopale&nbsp;de l\u2019Afrique de l\u2019Ouest&nbsp;bien repr\u00e9sent\u00e9e&nbsp;\u00e0 cette messe&nbsp;par les \u00e9v\u00eaques qui sont venus du Togo, du Burkina, et&nbsp;ses fr\u00e8res qui sont venus de l\u2019Universit\u00e9 Catholique d\u2019Afrique de l\u2019Ouest (UCAO),&nbsp;avant de lancer,&nbsp;\u00ab&nbsp;je crois en l\u2019\u00e9glise africaine.&nbsp;\u00bb. Le nouveau Pasteur du Dioc\u00e8se de Saint-Louis dit croire&nbsp;en l\u2019\u00e9glise de l\u2019Afrique de l\u2019Ouest.&nbsp;\u00ab&nbsp;Je crois en une \u00e9glise communion, o\u00f9 consacr\u00e9s, fid\u00e8les la\u00efcs et pr\u00eatres ordonn\u00e9s, \u0153uvrent ensemble pour le bien de l\u2019humanit\u00e9. Notre mission ne s\u2019arr\u00eate pas entre nous, au sein de l\u2019\u00e9glise institutionnelle, je veux dire&nbsp;\u00bb, a-t-il expliqu\u00e9. Pour rappel, Monseigneur Augustin Simmel Ndiaye a \u00e9t\u00e9 ordonn\u00e9 \u00c9v\u00eaque avant-hier samedi par l\u2019Archev\u00eaque \u00e9m\u00e9rite de Dakar, Monseigneur Benjamin Ndiaye en pr\u00e9sence \u00e9galement du Nonce apostolique et des \u00c9v\u00eaques du S\u00e9n\u00e9gal et de la sous-r\u00e9gion.<\/p>\n\n\n\n<p><strong>YVES TENDENG&nbsp;<\/strong><\/p>\n\n\n\n<p>SUDQUOTIDIEN<\/p>\n","protected":false},"excerpt":{"rendered":"<p>Le nouvel&nbsp;\u00c9v\u00eaque du Dioc\u00e8se de Saint-Louis, Monseigneur Augustin Simmel Ndiaye, a \u00e9t\u00e9 intronis\u00e9&nbsp;hier,&nbsp;dimanche&nbsp;13 juillet&nbsp;lors d\u2019une messe solennelle tenue \u00e0 la<\/p>\n","protected":false},"author":1,"featured_media":59728,"comment_status":"open","ping_status":"open","sticky":false,"template":"","format":"standard","meta":{"footnotes":""},"categories":[21],"tags":[],"class_list":["post-59727","post","type-post","status-publish","format-standard","has-post-thumbnail","hentry","category-societe"],"_links":{"self":[{"href":"https:\/\/dekkbi.com\/index.php?rest_route=\/wp\/v2\/posts\/59727","targetHints":{"allow":["GET"]}}],"collection":[{"href":"https:\/\/dekkbi.com\/index.php?rest_route=\/wp\/v2\/posts"}],"about":[{"href":"https:\/\/dekkbi.com\/index.php?rest_route=\/wp\/v2\/types\/post"}],"author":[{"embeddable":true,"href":"https:\/\/dekkbi.com\/index.php?rest_route=\/wp\/v2\/users\/1"}],"replies":[{"embeddable":true,"href":"https:\/\/dekkbi.com\/index.php?rest_route=%2Fwp%2Fv2%2Fcomments&post=59727"}],"version-history":[{"count":1,"href":"https:\/\/dekkbi.com\/index.php?rest_route=\/wp\/v2\/posts\/59727\/revisions"}],"predecessor-version":[{"id":59729,"href":"https:\/\/dekkbi.com\/index.php?rest_route=\/wp\/v2\/posts\/59727\/revisions\/59729"}],"wp:featuredmedia":[{"embeddable":true,"href":"https:\/\/dekkbi.com\/index.php?rest_route=\/wp\/v2\/media\/59728"}],"wp:attachment":[{"href":"https:\/\/dekkbi.com\/index.php?rest_route=%2Fwp%2Fv2%2Fmedia&parent=59727"}],"wp:term":[{"taxonomy":"category","embeddable":true,"href":"https:\/\/dekkbi.com\/index.php?rest_route=%2Fwp%2Fv2%2Fcategories&post=59727"},{"taxonomy":"post_tag","embeddable":true,"href":"https:\/\/dekkbi.com\/index.php?rest_route=%2Fwp%2Fv2%2Ftags&post=59727"}],"curies":[{"name":"wp","href":"https:\/\/api.w.org\/{rel}","templated":true}]}}