{"id":5972,"date":"2023-01-08T11:36:28","date_gmt":"2023-01-08T11:36:28","guid":{"rendered":"https:\/\/dekkbi.com\/?p=5972"},"modified":"2023-01-08T11:36:29","modified_gmt":"2023-01-08T11:36:29","slug":"presidentielle-2024-le-mouvement-tekki-presente-la-candidature-de-mamadou-lamine-diallo-et-sacharne-sur-le-regime-actuel","status":"publish","type":"post","link":"https:\/\/dekkbi.com\/?p=5972","title":{"rendered":"Pr\u00e9sidentielle 2024 : le mouvement Tekki pr\u00e9sente la candidature de Mamadou Lamine Diallo et s\u2019acharne sur le r\u00e9gime actuel"},"content":{"rendered":"\n<p>Le Bureau Citoyen National du Mouvement Tekki s&rsquo;est r\u00e9uni ce samedi 7 janvier 2023 au Centre socioculturel de la Commune de Fann-Point E-Amiti\u00e9 \u00e0 Dakar pour faire un point sur la situation du pays.<\/p>\n\n\n\n<p>Apr\u00e8s l\u2019analyse, le BCN fait le constat que le S\u00e9n\u00e9gal peine encore \u00e0 sortir de la \u00ab\u00a0d\u00e9cennie perdue\u00a0\u00bb caus\u00e9e par les deux mandats de Macky Sall \u00e0 la pr\u00e9sidence de la R\u00e9publique.<\/p>\n\n\n\n<figure class=\"wp-block-embed is-type-rich is-provider-prise-en-charge-des-contenus-embarques wp-block-embed-prise-en-charge-des-contenus-embarques wp-embed-aspect-16-9 wp-has-aspect-ratio\"><div class=\"wp-block-embed__wrapper\">\n<iframe loading=\"lazy\" title=\"Gestion de mauvaise gouvernance\/Pr\u00e9sidentielles 2024 : Tekki annonce la candidature de Mamadou Lamin\" width=\"800\" height=\"450\" src=\"https:\/\/www.youtube.com\/embed\/dbMz0oG_nb8?feature=oembed\" frameborder=\"0\" allow=\"accelerometer; autoplay; clipboard-write; encrypted-media; gyroscope; picture-in-picture; web-share\" allowfullscreen><\/iframe>\n<\/div><\/figure>\n\n\n\n<p>C\u2019est avec un grand m\u00e9pris que ces derniers ont manifest\u00e9 autant de col\u00e8re face \u00e0 ce r\u00e9gime qu&rsquo;il juge ultra r\u00e9gressif.<\/p>\n\n\n\n<p>Pour eux, le gouvernement s\u00e9n\u00e9galais asservit la justice pour embastiller opposants, activistes, acteurs de la soci\u00e9t\u00e9 civile et journalistes, pour prot\u00e9ger une caste de pr\u00e9dateurs qui n&rsquo;a pas h\u00e9sit\u00e9 \u00e0 d\u00e9tourner jusqu&rsquo;aux ressources du Fonds Covid-19, abond\u00e9 par la solidarit\u00e9 nationale, avec les contributions des chefs religieux, des populations et des partenaires techniques et financiers.<\/p>\n\n\n\n<p>Face \u00e0 ces constats, le Bureau Citoyen National a pris la R\u00e9solution de pr\u00e9senter la candidature de Mamadou Lamine Diallo, Pr\u00e9sident du Mouvement Tekki, \u00e0 l&rsquo;\u00e9lection pr\u00e9sidentielle de f\u00e9vrier 2024, de la proposer \u00e0 leurs partenaires du Congr\u00e8s de la Renaissance D\u00e9mocratique et aux forces vives patriotes et citoyennes. Le Congr\u00e8s d&rsquo;investiture sera convoqu\u00e9 au plus tard en juin 2023.<\/p>\n\n\n\n<p>Pour ses partisans, l\u2019implication de Mamadou Lamine Diallo pourra \u00eatre tr\u00e8s b\u00e9n\u00e9fique pour la mise en \u0153uvre de la charte de gouvernement d\u00e9mocratique, consolider nos valeurs, veiller sur une Assembl\u00e9e nationale capable de contr\u00f4ler l&rsquo;action du gouvernement et d&rsquo;impulser le d\u00e9bat politique, valoriser une justice ind\u00e9pendante, capable de dire le droit exclusivement au nom du peuple et d&rsquo;\u00e9radiquer la corruption, mais aussi s\u2019acharner pour une Strat\u00e9gie Offensive Planifi\u00e9e d&rsquo;Industrialisation, seule, capable de r\u00e9soudre le ch\u00f4mage des jeunes..<\/p>\n","protected":false},"excerpt":{"rendered":"<p>Le Bureau Citoyen National du Mouvement Tekki s&rsquo;est r\u00e9uni ce samedi 7 janvier 2023 au Centre socioculturel de la Commune<\/p>\n","protected":false},"author":1,"featured_media":1931,"comment_status":"open","ping_status":"open","sticky":false,"template":"","format":"standard","meta":{"footnotes":""},"categories":[6],"tags":[],"class_list":["post-5972","post","type-post","status-publish","format-standard","has-post-thumbnail","hentry","category-politics"],"_links":{"self":[{"href":"https:\/\/dekkbi.com\/index.php?rest_route=\/wp\/v2\/posts\/5972","targetHints":{"allow":["GET"]}}],"collection":[{"href":"https:\/\/dekkbi.com\/index.php?rest_route=\/wp\/v2\/posts"}],"about":[{"href":"https:\/\/dekkbi.com\/index.php?rest_route=\/wp\/v2\/types\/post"}],"author":[{"embeddable":true,"href":"https:\/\/dekkbi.com\/index.php?rest_route=\/wp\/v2\/users\/1"}],"replies":[{"embeddable":true,"href":"https:\/\/dekkbi.com\/index.php?rest_route=%2Fwp%2Fv2%2Fcomments&post=5972"}],"version-history":[{"count":1,"href":"https:\/\/dekkbi.com\/index.php?rest_route=\/wp\/v2\/posts\/5972\/revisions"}],"predecessor-version":[{"id":5974,"href":"https:\/\/dekkbi.com\/index.php?rest_route=\/wp\/v2\/posts\/5972\/revisions\/5974"}],"wp:featuredmedia":[{"embeddable":true,"href":"https:\/\/dekkbi.com\/index.php?rest_route=\/wp\/v2\/media\/1931"}],"wp:attachment":[{"href":"https:\/\/dekkbi.com\/index.php?rest_route=%2Fwp%2Fv2%2Fmedia&parent=5972"}],"wp:term":[{"taxonomy":"category","embeddable":true,"href":"https:\/\/dekkbi.com\/index.php?rest_route=%2Fwp%2Fv2%2Fcategories&post=5972"},{"taxonomy":"post_tag","embeddable":true,"href":"https:\/\/dekkbi.com\/index.php?rest_route=%2Fwp%2Fv2%2Ftags&post=5972"}],"curies":[{"name":"wp","href":"https:\/\/api.w.org\/{rel}","templated":true}]}}