{"id":59713,"date":"2025-07-14T10:19:40","date_gmt":"2025-07-14T10:19:40","guid":{"rendered":"https:\/\/dekkbi.com\/?p=59713"},"modified":"2025-07-14T10:19:41","modified_gmt":"2025-07-14T10:19:41","slug":"vacances-agricoles-patriotiques-les-jeunes-de-pastef-prevoient-demblaver-plus-de-380-hectares","status":"publish","type":"post","link":"https:\/\/dekkbi.com\/?p=59713","title":{"rendered":"VACANCES AGRICOLES PATRIOTIQUES &#8211; Les jeunes de Pastef pr\u00e9voient d\u2019emblaver plus de 380 hectares"},"content":{"rendered":"\n<p><strong>La Jeunesse patriotique du S\u00e9n\u00e9gal (Jps), affili\u00e9e au parti Patriotes africains du S\u00e9n\u00e9gal pour le travail, l\u2019\u00e9thique et la fraternit\u00e9 (Pastef au pouvoir), pr\u00e9voit d\u2019emblaver plus de 380 hectares durant l\u2019hivernage, dans le cadre des Vacances agricoles patriotiques (Vap).<\/strong><\/p>\n\n\n\n<p>APS \u2013 Cette ann\u00e9e, 40 coordinations d\u00e9partementales se sont engag\u00e9es dans les Vacances agricoles patriotiques (Vap), soit 380 hectares \u00e0 emblaver \u00e0 travers le pays, contre 177 hectares en 2024, a d\u00e9clar\u00e9 le coordonnateur national des Vap, Khadim Mbaye. Il prenait part, hier, dimanche 13 juillet, au lancement officiel des activit\u00e9s des Vap \u00e0 Diabaye Lagniar, un village de la commune de Ngoh\u00e9, dans le d\u00e9partement de Diourbel.<\/p>\n\n\n\n<p>La c\u00e9r\u00e9monie s\u2019est d\u00e9roul\u00e9e en pr\u00e9sence du ministre de l\u2019Urbanisme, des Collectivit\u00e9s territoriales et de l\u2019Am\u00e9nagement des territoires, Moussa Bala Fofana, du coordonnateur national de la Jeunesse patriotique du S\u00e9n\u00e9gal (Jps), Ngagne Demba Tour\u00e9, ainsi que de responsables politiques locaux. Khadim Mbaye s\u2019est dit convaincu que cette initiative va contribuer \u00e0 l\u2019autosuffisance alimentaire du pays. Le coordonnateur national de la Jps a rappel\u00e9 que les Vacances agricoles patriotiques constituent, avant tout, \u00ab une activit\u00e9 citoyenne \u00bb. \u00ab En plus de leur dimension civique, les Vap ont \u00e9galement une port\u00e9e \u00e9conomique et culturelle \u00bb, a-t-il soulign\u00e9. Ngagne Demba Tour\u00e9 a insist\u00e9 sur la n\u00e9cessit\u00e9 d\u2019une offensive agricole en vue de l\u2019atteinte de la souverainet\u00e9 alimentaire, en phase avec la vision du S\u00e9n\u00e9gal \u00e0 l\u2019horizon 2050. Le ministre de l\u2019Urbanisme a, pour sa part, estim\u00e9 que \u00ab les Vacances agricoles patriotiques traduisent la vision du pr\u00e9sident de Pastef, Ousmane Sonko, qui a compris la n\u00e9cessit\u00e9 de faire la jonction entre deux puissances : la jeunesse et l\u2019agriculture \u00bb. \u00c0 en croire Moussa Bala Fofana, les Vap se veulent \u00ab un moteur de croissance \u00e9conomique et visent \u00e0 mobiliser les jeunes autour de projets agricoles structurants \u00bb.<\/p>\n","protected":false},"excerpt":{"rendered":"<p>La Jeunesse patriotique du S\u00e9n\u00e9gal (Jps), affili\u00e9e au parti Patriotes africains du S\u00e9n\u00e9gal pour le travail, l\u2019\u00e9thique et la fraternit\u00e9<\/p>\n","protected":false},"author":1,"featured_media":21961,"comment_status":"open","ping_status":"open","sticky":false,"template":"","format":"standard","meta":{"footnotes":""},"categories":[21],"tags":[],"class_list":["post-59713","post","type-post","status-publish","format-standard","has-post-thumbnail","hentry","category-societe"],"_links":{"self":[{"href":"https:\/\/dekkbi.com\/index.php?rest_route=\/wp\/v2\/posts\/59713","targetHints":{"allow":["GET"]}}],"collection":[{"href":"https:\/\/dekkbi.com\/index.php?rest_route=\/wp\/v2\/posts"}],"about":[{"href":"https:\/\/dekkbi.com\/index.php?rest_route=\/wp\/v2\/types\/post"}],"author":[{"embeddable":true,"href":"https:\/\/dekkbi.com\/index.php?rest_route=\/wp\/v2\/users\/1"}],"replies":[{"embeddable":true,"href":"https:\/\/dekkbi.com\/index.php?rest_route=%2Fwp%2Fv2%2Fcomments&post=59713"}],"version-history":[{"count":1,"href":"https:\/\/dekkbi.com\/index.php?rest_route=\/wp\/v2\/posts\/59713\/revisions"}],"predecessor-version":[{"id":59714,"href":"https:\/\/dekkbi.com\/index.php?rest_route=\/wp\/v2\/posts\/59713\/revisions\/59714"}],"wp:featuredmedia":[{"embeddable":true,"href":"https:\/\/dekkbi.com\/index.php?rest_route=\/wp\/v2\/media\/21961"}],"wp:attachment":[{"href":"https:\/\/dekkbi.com\/index.php?rest_route=%2Fwp%2Fv2%2Fmedia&parent=59713"}],"wp:term":[{"taxonomy":"category","embeddable":true,"href":"https:\/\/dekkbi.com\/index.php?rest_route=%2Fwp%2Fv2%2Fcategories&post=59713"},{"taxonomy":"post_tag","embeddable":true,"href":"https:\/\/dekkbi.com\/index.php?rest_route=%2Fwp%2Fv2%2Ftags&post=59713"}],"curies":[{"name":"wp","href":"https:\/\/api.w.org\/{rel}","templated":true}]}}