{"id":59704,"date":"2025-07-14T09:47:38","date_gmt":"2025-07-14T09:47:38","guid":{"rendered":"https:\/\/dekkbi.com\/?p=59704"},"modified":"2025-07-14T11:40:33","modified_gmt":"2025-07-14T11:40:33","slug":"association-nationale-des-etablissements-et-structures-de-sante-catholiques-du-senegal-anescs-loeil-du-digital-keur-soeurs-yi-ou-la-sante-pour-tous","status":"publish","type":"post","link":"https:\/\/dekkbi.com\/?p=59704","title":{"rendered":"Association nationale des \u00c9tablissements et Structures de Sant\u00e9 Catholiques du S\u00e9n\u00e9gal (ANESCS) &#8211; [L\u2019\u0152il du digital] \u00ab\u00a0Keur s\u0153urs yi\u00a0\u00bb, ou la sant\u00e9 pour tous"},"content":{"rendered":"\n<p><a href=\"https:\/\/lesoleil.sn\/wp-content\/uploads\/2025\/07\/Keur-soeurs-yi.jpg\"><\/a><strong>Parmi les droits fondamentaux de l\u2019\u00eatre humain, figure celui \u00e0 la sant\u00e9, d\u2019avoir un acc\u00e8s \u00e0 des services de qualit\u00e9, abordables et adapt\u00e9s. Ce besoin vital est un sacerdoce pour les postes de sant\u00e9 catholiques, commun\u00e9ment appel\u00e9s \u2018\u2018Keur s\u0153urs yi\u2019\u2019. Ils sont regroup\u00e9s dans l\u2019Association nationale des \u00c9tablissements et Structures de Sant\u00e9 Catholiques du S\u00e9n\u00e9gal (ANESCS). Ces lieux accueillent chacun des centaines de patients par jour, qui peuvent avoir acc\u00e8s aux soins \u00e0 moindre cout.<\/strong><\/p>\n\n\n\n<p>Dans la chaleur estivale qui s\u2019est d\u00e9j\u00e0 install\u00e9e \u00e0 Dakar, poireauter plusieurs minutes pour aller se soigner peut devenir un supplice. Mais quand c\u2019est pour aller \u00e0 \u2018\u2018Keur s\u0153urs yi\u2019\u2019, l\u2019attente en vaut la peine. Une femme, v\u00eatue d\u2019une robe ample lui allant jusqu\u2019aux genoux, d\u00e9fie l\u2019attente en se cramponnant bien, les poings serr\u00e9s, pr\u00eate \u00e0 cogner contre les secondes afin que le temps passe plus vite. D\u2019un autre c\u00f4t\u00e9, des patients moins press\u00e9s, sans doute avec des soucis moins urgents, affichent une mine plus joviale. D\u2019ailleurs, en patientant au Poste de sant\u00e9 Notre dame du Cap-Vert de Pikine, hommes, femmes et enfants, font des va-et-vient pour se soigner.<\/p>\n\n\n\n<h3 class=\"wp-block-heading\"><strong>Un sacerdoce<\/strong><\/h3>\n\n\n\n<p>A \u2018\u2018Keur S\u0153urs yi\u2019\u2019, on ne cherche pas \u00e0 savoir qui est nanti ou qui ne l\u2019est pas. Ou du moins, on ne privil\u00e9gie pas le riche, bien au contraire. Selon S\u0153ur L\u00e9a Charles Tendeng, pr\u00e9sidente de l\u2019Association nationale des \u00c9tablissements et Structures de Sant\u00e9 Catholiques du S\u00e9n\u00e9gal (ANESCS), ces postes de sant\u00e9 font parties des structures priv\u00e9es \u00e0 but non lucratif. Ainsi, leur objectif num\u00e9ro un n\u2019est pas de faire du profit, mais d\u2019impulser un d\u00e9veloppement sanitaire et social de la population s\u00e9n\u00e9galaise, sans distinction de religion, d\u2019\u00e2ge, de sexe ou de culture. La particularit\u00e9 \u00e9tant la pr\u00e9f\u00e9rence pour les plus d\u00e9munis. D\u2019ailleurs, l\u2019ANECS regroupe 78 postes de sant\u00e9, maternit\u00e9s et h\u00f4pitaux situ\u00e9s dans toutes les r\u00e9gions du S\u00e9n\u00e9gal, sauf Matam. Il y a donc un maillage du territoire national, dans le but d\u2019\u00eatre \u00e0 la fois dans les grandes villes et dans le monde rural. \u00ab&nbsp;<em>L\u00e0 o\u00f9 les besoins sont criants, l\u2019\u00c9glise se veut pr\u00e9sente, servante et proche<\/em>&nbsp;\u00bb, confie S\u0153ur L\u00e9a.<\/p>\n\n\n\n<p>Cette derni\u00e8re d\u2019ajouter. \u00ab&nbsp;<em>Conscientes que l\u2019union fait la force, nous nous sommes constitu\u00e9es en Association nationale (ANESCS) afin de cr\u00e9er un cadre de concertation fraternelle, am\u00e9liorer la coordination et la visibilit\u00e9 de l\u2019action pastorale et sanitaire de l\u2019\u00c9glise, d\u00e9fendre ensemble notre mission commune de sant\u00e9 int\u00e9grale. Les postes sont anim\u00e9s par des religieuses, des la\u00efcs, des infirmiers, des agents de sant\u00e9 communautaire et parfois des b\u00e9n\u00e9voles, dans un esprit de service d\u00e9sint\u00e9ress\u00e9 et de compassion \u00e9vang\u00e9lique. Ils respectent les normes nationales de sant\u00e9 et sont int\u00e9gr\u00e9s dans le syst\u00e8me de sant\u00e9 s\u00e9n\u00e9galais, en collaboration avec le minist\u00e8re de la Sant\u00e9 et de l\u2019Action sociale&nbsp;<\/em>\u00bb.<\/p>\n\n\n\n<p>Pour justifier cet engagement sans faille, elle convoque les Saintes \u00e9critures, consid\u00e9rant la sant\u00e9 comme un droit fondamental, un imp\u00e9ratif moral et une exigence de foi. Les paroles de J\u00e9sus r\u00e9sonnent en effet dans le c\u0153ur des s\u0153urs, les poussant \u00e0 travailler, avec conviction et ferveur. \u00ab&nbsp;<em>J\u2019\u00e9tais malade et vous m\u2019avez soign\u00e9<\/em>&nbsp;\u00bb (Matthieu 25,36), \u00ab&nbsp;<em>Tout ce que vous avez fait \u00e0 l\u2019un de ces plus petits de mes fr\u00e8res, c\u2019est \u00e0 moi que vous l\u2019avez fait<\/em>&nbsp;\u00bb (Matthieu 25,40).<\/p>\n\n\n\n<p>Ayant jur\u00e9 all\u00e9geance \u00e0 Dieu, elles ont \u00e9galement fait une profession de foi dans la pratique de leur m\u00e9tier, pour : la promotion de la sant\u00e9 ; la pr\u00e9vention des maladies ; l\u2019\u00e9ducation nutritionnelle, \u00e0 travers, entre autres, des centres de r\u00e9cup\u00e9ration nutritionnelle dans certains postes. Dans cette perspective, \u2018\u2018Keur S\u0153urs yi\u2019\u2019 souhaite encourager les mutuelles de sant\u00e9, pousser l\u2019Etat et les collectivit\u00e9s territoriales \u00e0 s\u2019impliquer, avoir des partenaires durables pour renforcer les m\u00e9canismes de protection sociale.<\/p>\n\n\n\n<h3 class=\"wp-block-heading\"><strong>Satisf\u00e9cit<\/strong><\/h3>\n\n\n\n<p>\u00ab&nbsp;<em>Je suis une fervente des s\u0153urs, si je peux m\u2019exprimer ainsi (rires)&nbsp;! J\u2019y vais fr\u00e9quemment pour emmener mes enfants. Je n\u2019ai pas les moyens d\u2019aller dans les autres h\u00f4pitaux, ils sont trop chers. En plus, il y a une excellente qualit\u00e9 de soins ici. Je n\u2019ai jamais regrett\u00e9. A chaque fois que mes enfants sont malades, il me suffit d\u2019y aller pour qu\u2019ils recouvrent la sant\u00e9&nbsp;<\/em>\u00bb, se r\u00e9jouit Nd\u00e8ye. Il faut \u00e9galement pr\u00e9ciser que dans ces structures de sant\u00e9, les tickets de consultation se vendent la plupart du temps \u00e0 500 francs CFA seulement, afin de permettre \u00e0 tout le monde d\u2019avoir acc\u00e8s aux soins. De plus, il arrive que certains patients sans sous soient appuy\u00e9s financi\u00e8rement ou avec des m\u00e9dicaments.<\/p>\n\n\n\n<p>\u00ab&nbsp;<em>J\u2019ai d\u00e9couvert Keur S\u0153urs yi gr\u00e2ce \u00e0 une connaissance, apr\u00e8s la naissance de mon premier enfant. Quand il a eu des difficult\u00e9s de nutrition, je l\u2019ai emmen\u00e9 l\u00e0-bas pour qu\u2019il soit trait\u00e9. Quelques semaines plus tard, il \u00e9tait en pleine forme<\/em>&nbsp;\u00bb, d\u00e9taille Saly, la trentaine. Concernant le prix, on peut acheter un pot de lait pour enfant \u00e0 1500 francs CFA, plus une farine au m\u00eame prix.<\/p>\n\n\n\n<p>\u00ab&nbsp;<em>Notre mission n\u2019est pas d\u2019accumuler des richesses, mais de servir la dignit\u00e9 humaine. Il fut un temps o\u00f9 les soins dans nos structures \u00e9taient presque gratuits, gr\u00e2ce aux dons de m\u00e9dicaments et de vivres que nous recevions en abondance&nbsp;<\/em>\u00bb, explique pour sa part S\u0153ur L\u00e9a.<\/p>\n\n\n\n<figure class=\"wp-block-image\" id=\"attachment_51529\"><img decoding=\"async\" src=\"https:\/\/lesoleil.sn\/wp-content\/uploads\/2025\/07\/Soeur-Lea-Charles-Tendeng-lAssociation-nationale-des-Etablissements-et-Structures-de-Sante-Catholiques-du-Senegal-ANESCS-900x718.jpg\" alt=\"\" class=\"wp-image-51529\"\/><figcaption class=\"wp-element-caption\">S\u0153ur L\u00e9a Charles Tendeng, l\u2019Association nationale des \u00c9tablissements et Structures de Sant\u00e9 Catholiques du S\u00e9n\u00e9gal (ANESCS)<\/figcaption><\/figure>\n\n\n\n<h3 class=\"wp-block-heading\"><strong>L\u2019argent, le nerf de la guerre<\/strong><\/h3>\n\n\n\n<p>Malheureusement, Keur S\u0153urs yi rencontre des difficult\u00e9s \u00e9conomiques, regrette la pr\u00e9sidente de l\u2019Association nationale des \u00c9tablissements et Structures de Sant\u00e9 Catholiques du S\u00e9n\u00e9gal. Cela s\u2019explique notamment par la baisse des subventions en m\u00e9dicaments, mais aussi de celle du principal partenaire, Mis\u00e9r\u00e9or. De ce fait, les difficult\u00e9s font l\u00e9gion et inqui\u00e8tent quant \u00e0 l\u2019avenir des postes de sant\u00e9 qui peinent \u00e0 maintenir un service de qualit\u00e9 dans des contextes d\u00e9j\u00e0 tr\u00e8s pr\u00e9caires, regrette S\u0153ur L\u00e9a, qui assure n\u00e9anmoins que tous les postes et tous les travailleurs restent engag\u00e9s avec foi et courage.<\/p>\n\n\n\n<p>Dans le but d\u2019inverser la tendance, plusieurs strat\u00e9gies sont mises en place, confie-t-elle&nbsp;: tarification sociale et solidaire, avec des consultations et des m\u00e9dicaments \u00e0 prix mod\u00e9r\u00e9s, pens\u00e9s pour les plus pauvres&nbsp;; prises en charge gratuites ponctuelles, notamment pour les enfants et les femmes enceintes, malgr\u00e9 les charges de personnel et de fonctionnement&nbsp;; pr\u00e9vention, r\u00e9cup\u00e9ration nutritionnelle, sensibilisation communautaire, afin de r\u00e9duire les maladies \u00e9vitables et am\u00e9liorer l\u2019autonomie des familles&nbsp;; promotion des mutuelles de sant\u00e9 dans certaines zones, pour construire une solidarit\u00e9 de proximit\u00e9 et durable\u2026.<\/p>\n\n\n\n<h3 class=\"wp-block-heading\"><strong>Collecte pour renflouer les caisses<\/strong><\/h3>\n\n\n\n<p>Par ailleurs, Keur S\u0153urs yi souhaite apporter des liquidit\u00e9s dans ses caisses, puisque ne b\u00e9n\u00e9ficiant pas de subvention de l\u2019Etat. D\u2019apr\u00e8s S\u0153ur L\u00e9a, une collecte nationale est lanc\u00e9e au profit des postes de sant\u00e9, dans le but de soutenir la lutte contre la malnutrition infantile.<\/p>\n\n\n\n<p>\u00ab&nbsp;<em>Notre priorit\u00e9 demeure : que le malade, et surtout l\u2019enfant vuln\u00e9rable, soit accueilli, \u00e9cout\u00e9 et soign\u00e9 avec dignit\u00e9 et compassion, m\u00eame lorsqu\u2019il ne peut rien payer&nbsp;\u00bb, justifie-t-elle. Et d\u2019ajouter&nbsp;:\u00ab&nbsp;Nous croyons qu\u2019un syst\u00e8me de sant\u00e9 digne de ce nom doit \u00eatre accessible, humain, enracin\u00e9 dans les r\u00e9alit\u00e9s locales, et port\u00e9 par une vision int\u00e9grale de la personne humaine&nbsp;<\/em>\u00bb.<\/p>\n\n\n\n<p>Une vision de la vie, transf\u00e9r\u00e9e au domaine de la sant\u00e9, qui fait de \u2018\u2018Keur S\u0153urs yi\u2019\u2019 le lieu de pr\u00e9dilection des plus d\u00e9munis. Et m\u00eame si les soignant (es) ne font pas de miracle, c\u2019est tout comme\u2026<\/p>\n\n\n\n<p><strong>Oumar Boubacar NDONGO<\/strong><\/p>\n","protected":false},"excerpt":{"rendered":"<p>Parmi les droits fondamentaux de l\u2019\u00eatre humain, figure celui \u00e0 la sant\u00e9, d\u2019avoir un acc\u00e8s \u00e0 des services de qualit\u00e9,<\/p>\n","protected":false},"author":1,"featured_media":59705,"comment_status":"open","ping_status":"open","sticky":false,"template":"","format":"standard","meta":{"footnotes":""},"categories":[26],"tags":[],"class_list":["post-59704","post","type-post","status-publish","format-standard","has-post-thumbnail","hentry","category-fait-divers"],"_links":{"self":[{"href":"https:\/\/dekkbi.com\/index.php?rest_route=\/wp\/v2\/posts\/59704","targetHints":{"allow":["GET"]}}],"collection":[{"href":"https:\/\/dekkbi.com\/index.php?rest_route=\/wp\/v2\/posts"}],"about":[{"href":"https:\/\/dekkbi.com\/index.php?rest_route=\/wp\/v2\/types\/post"}],"author":[{"embeddable":true,"href":"https:\/\/dekkbi.com\/index.php?rest_route=\/wp\/v2\/users\/1"}],"replies":[{"embeddable":true,"href":"https:\/\/dekkbi.com\/index.php?rest_route=%2Fwp%2Fv2%2Fcomments&post=59704"}],"version-history":[{"count":4,"href":"https:\/\/dekkbi.com\/index.php?rest_route=\/wp\/v2\/posts\/59704\/revisions"}],"predecessor-version":[{"id":59754,"href":"https:\/\/dekkbi.com\/index.php?rest_route=\/wp\/v2\/posts\/59704\/revisions\/59754"}],"wp:featuredmedia":[{"embeddable":true,"href":"https:\/\/dekkbi.com\/index.php?rest_route=\/wp\/v2\/media\/59705"}],"wp:attachment":[{"href":"https:\/\/dekkbi.com\/index.php?rest_route=%2Fwp%2Fv2%2Fmedia&parent=59704"}],"wp:term":[{"taxonomy":"category","embeddable":true,"href":"https:\/\/dekkbi.com\/index.php?rest_route=%2Fwp%2Fv2%2Fcategories&post=59704"},{"taxonomy":"post_tag","embeddable":true,"href":"https:\/\/dekkbi.com\/index.php?rest_route=%2Fwp%2Fv2%2Ftags&post=59704"}],"curies":[{"name":"wp","href":"https:\/\/api.w.org\/{rel}","templated":true}]}}