{"id":59695,"date":"2025-07-11T16:24:15","date_gmt":"2025-07-11T16:24:15","guid":{"rendered":"https:\/\/dekkbi.com\/?p=59695"},"modified":"2025-07-11T16:24:16","modified_gmt":"2025-07-11T16:24:16","slug":"mondial-des-clubs-pour-le-psg-savourer-sans-hypothequer-la-saison-prochaine","status":"publish","type":"post","link":"https:\/\/dekkbi.com\/?p=59695","title":{"rendered":"Mondial des clubs: pour le PSG, savourer sans hypoth\u00e9quer la saison prochaine"},"content":{"rendered":"\n<p>Par Baptiste BECQUART \u00a9 2025 AFP &#8211; Qualifi\u00e9 pour la finale du Mondial des clubs dimanche, le Paris SG doit tenir un \u00e9quilibre savant entre performance et gestion de la fatigue \u00e0 l&rsquo;issue d&rsquo;une longue saison, afin de ne pas compromettre le d\u00e9but du prochain exercice d\u00e8s ao\u00fbt.<\/p>\n\n\n\n<p>\u00ab\u00a0Notre saison a commenc\u00e9 le 14 juillet (2024), si nous arrivons en finale ici, on aura eu une saison de 365 jours\u00a0\u00bb, a soulign\u00e9 l&rsquo;entra\u00eeneur Luis Enrique le 28 juin.<\/p>\n\n\n\n<p>Soutien officiel de cette nouvelle comp\u00e9tition, le coach parisien n&rsquo;en a pas moins diss\u00e9min\u00e9 des messages sur le calendrier surcharg\u00e9 des joueurs depuis quelques semaines. Et ce chiffre de 365 jours, soit un an complet pour une saison, illustre l&rsquo;effort consenti par les joueurs et le staff.<\/p>\n\n\n\n<p>Le PSG dans toutes ses composantes ne cesse de clamer son d\u00e9sir de \u00ab\u00a0marquer l&rsquo;histoire\u00a0\u00bb encore un peu plus en soulevant le troph\u00e9e du Mondial des clubs, apr\u00e8s ceux de la Ligue des champions, du championnat, de la Coupe de France et du Troph\u00e9e des champions. Mais \u00e0 quel prix ?<\/p>\n\n\n\n<p>Les joueurs eux-m\u00eames, tr\u00e8s motiv\u00e9s, comme ils l&rsquo;ont encore prouv\u00e9 lors de leur r\u00e9cital contre le Real Madrid mercredi (4-0), ont l\u00e2ch\u00e9 \u00e7a et l\u00e0 les indices de leur usure physique et mentale.<\/p>\n\n\n\n<p>\u00ab\u00a0La v\u00e9rit\u00e9 est qu&rsquo;\u00e0 ce moment de la saison, c&rsquo;est un peu plus difficile\u00a0\u00bb, a ainsi d\u00e9clar\u00e9 Fabian Ruiz, auteur d&rsquo;un doubl\u00e9 mercredi. Un peu plus t\u00f4t dans le tournoi, Vitinha avait aussi critiqu\u00e9 le rythme \u00ab\u00a0non-stop\u00a0\u00bb des matches. La fatigue, \u00ab\u00a0je pense qu&rsquo;elle se voit\u00a0\u00bb, a-t-il comment\u00e9.<\/p>\n\n\n\n<h2 class=\"wp-block-heading\">\u00ab\u00a0Tetris\u00a0\u00bb<\/h2>\n\n\n\n<figure class=\"wp-block-image\"><img decoding=\"async\" src=\"https:\/\/information.tv5monde.com\/sites\/tv5-info\/files\/styles\/entete\/public\/2025-07\/field_media_image-2938985-bf0728061cb49f2d76c6fdd26f77d219a3b535f2.jpg?itok=F39DgD1l\" alt=\"Le capitaine du PSG Marquinhos salue les supporters apr\u00e8s la victoire en demi-finales du Mondial des clubs contre le Real Madrid, le 9 juillet 2025 \u00e0 East Rutherford\" title=\"Le capitaine du PSG Marquinhos salue les supporters apr\u00e8s la victoire en demi-finales du Mondial des clubs contre le Real Madrid, le 9 juillet 2025 \u00e0 East Rutherford\"\/><\/figure>\n\n\n\n<p>Le capitaine du PSG Marquinhos salue les supporters apr\u00e8s la victoire en demi-finales du Mondial des clubs contre le Real Madrid, le 9 juillet 2025 \u00e0 East Rutherford<\/p>\n\n\n\n<p>AFP<\/p>\n\n\n\n<p>FRANCK FIFE<\/p>\n\n\n\n<p>D&rsquo;autant que le PSG conna\u00eet d&rsquo;ores et d\u00e9j\u00e0 ce qui l&rsquo;attend en d\u00e9but de saison prochaine. D&rsquo;abord le 13 ao\u00fbt, la Supercoupe d&rsquo;Europe contre Tottenham \u00e0 Udine. En comptant la reprise de l&rsquo;entra\u00eenement, cela laisse au maximum trois petites semaines de vacances apr\u00e8s la finale de dimanche contre Chelsea, en guise d&rsquo;intersaison. Le PSG est ultra favori et ne peut laisser filer ce titre, certes mineur. Il encha\u00eenera ensuite le weekend \u00e0 Nantes en Ligue 1, soit un deuxi\u00e8me d\u00e9placement en quelques jours.<\/p>\n\n\n\n<p>Et plus globalement, il faudra d\u00e9fendre tous les titres glan\u00e9s lors de cette saison historique. Le PSG sera notamment l&rsquo;\u00e9quipe \u00e0 battre en Ligue des champions. La saison sera plus ramass\u00e9e et intense en club puisqu&rsquo;il faut lib\u00e9rer les joueurs pour la Coupe du Monde 2026 en juin prochain.<\/p>\n\n\n\n<p>Conscients qu&rsquo;il serait d\u00e9raisonnable de tirer sur la corde, d\u00e9sireux de r\u00e9compenser les joueurs pour leur saison record, la direction du PSG et le staff de Luis Enrique ont tr\u00e8s t\u00f4t compris l&rsquo;enjeu des plages de repos de l&rsquo;effectif.<\/p>\n\n\n\n<figure class=\"wp-block-image\"><img decoding=\"async\" src=\"https:\/\/information.tv5monde.com\/sites\/tv5-info\/files\/styles\/entete\/public\/2025-07\/field_media_image-2938986-bb9c792bd27758141c92852d9a4a9a4e69c47cbf.jpg?itok=s5eu4zXA\" alt=\"Gon\u00e7alo Ramos c\u00e9l\u00e8bre un but lors de la demi-finale du Mondial des clubs remport\u00e9e par le PSG contre le Real Madrid, le 9 juillet 2025 \u00e0 East Rutherford\" title=\"Gon\u00e7alo Ramos c\u00e9l\u00e8bre un but lors de la demi-finale du Mondial des clubs remport\u00e9e par le PSG contre le Real Madrid, le 9 juillet 2025 \u00e0 East Rutherford\"\/><\/figure>\n\n\n\n<p>Gon\u00e7alo Ramos c\u00e9l\u00e8bre un but lors de la demi-finale du Mondial des clubs remport\u00e9e par le PSG contre le Real Madrid, le 9 juillet 2025 \u00e0 East Rutherford<\/p>\n\n\n\n<p>AFP<\/p>\n\n\n\n<p>Paul ELLIS<\/p>\n\n\n\n<p>Ainsi, durant la saison, il \u00e9tait fr\u00e9quent que tel ou tel joueur tr\u00e8s utilis\u00e9 soit m\u00e9nag\u00e9. Luis Enrique a confi\u00e9 que son staff et lui tenaient un compte tr\u00e8s pr\u00e9cis des temps de jeu de chacun avec l&rsquo;objectif de les lisser. M\u00eame si dans les faits, cela reste un d\u00e9fi de tous les jours: \u00ab\u00a0C&rsquo;est un jeu de Tetris, tr\u00e8s clairement. On peut planifier les choses mais tu vas avoir deux joueurs malades \u00e0 un entra\u00eenement, un suspendu&#8230; \u00c7a doit rester ouvert. On va g\u00e9rer le temps de jeu de tous, mais \u00e7a va \u00eatre difficile\u00a0\u00bb, expliquait Luis Enrique en f\u00e9vrier.<\/p>\n\n\n\n<h2 class=\"wp-block-heading\">Quartier libre<\/h2>\n\n\n\n<p>Apr\u00e8s la demi-finale retour de Ligue des champions contre Arsenal, le club avait permis \u00e0 sept cadres de se reposer au lieu de se d\u00e9placer \u00e0 Montpellier en L1. Ousmane Demb\u00e9l\u00e9, lui, a souvent \u00e9t\u00e9 dispens\u00e9 de match de Ligue 1 \u00e0 partir du printemps, quand il \u00e9tait pourtant au fa\u00eete de ses performances.<\/p>\n\n\n\n<figure class=\"wp-block-image\"><img decoding=\"async\" src=\"https:\/\/information.tv5monde.com\/sites\/tv5-info\/files\/styles\/entete\/public\/2025-07\/field_media_image-2938987-bf10e83e42e302b8bba8d876595ac3a838685748.jpg?itok=0ytiz6V3\" alt=\"L'entra\u00eeneur du PSG Luis Enrique lors de la demi-finale du Mondial des clubs contre le Real Madrid, le 9 juillet 2025 \u00e0 East Rutherford\" title=\"L'entra\u00eeneur du PSG Luis Enrique lors de la demi-finale du Mondial des clubs contre le Real Madrid, le 9 juillet 2025 \u00e0 East Rutherford\"\/><\/figure>\n\n\n\n<p>L&rsquo;entra\u00eeneur du PSG Luis Enrique lors de la demi-finale du Mondial des clubs contre le Real Madrid, le 9 juillet 2025 \u00e0 East Rutherford<\/p>\n\n\n\n<p>AFP<\/p>\n\n\n\n<p>CHARLY TRIBALLEAU<\/p>\n\n\n\n<p>Durant le Mondial, l&rsquo;approche fut un peu diff\u00e9rente, puisque le turn-over de l&rsquo;\u00e9quipe-type ne fut utilis\u00e9 que contre Botafogo, et cela a \u00e9t\u00e9 un \u00e9chec criant (d\u00e9faite 1-0 avec peu d&rsquo;occasions de but). Mais le club a d\u00e9cid\u00e9 d\u00e8s le d\u00e9but \u00e0 Irvine, en banlieue de Los Angeles, de laisser quartier libre aux joueurs apr\u00e8s l&rsquo;entra\u00eenement du matin. Une mesure exceptionnelle que les joueurs ont salu\u00e9e, comme Gianluigi Donnarumma qui a dit \u00ab\u00a0merci au coach, merci \u00e0 la direction\u00a0\u00bb pour les apr\u00e8s-midis plage ou shopping, \u00ab\u00a0afin de se relaxer\u00a0\u00bb pour mieux \u00ab\u00a0gagner\u00a0\u00bb.<\/p>\n\n\n\n<p>Cette semaine, le PSG avait d&rsquo;abord pris ses quartiers dans le New Jersey, avant finalement de relocaliser son h\u00f4tel en plein Manhattan. Les joueurs s&rsquo;en sont donn\u00e9 \u00e0 coeur joie, \u00e0 l&rsquo;image d&rsquo;un Joao Neves tout sourire avec sa compagne \u00e0 Times Square sur ses r\u00e9seaux sociaux.<\/p>\n","protected":false},"excerpt":{"rendered":"<p>Par Baptiste BECQUART \u00a9 2025 AFP &#8211; Qualifi\u00e9 pour la finale du Mondial des clubs dimanche, le Paris SG doit<\/p>\n","protected":false},"author":1,"featured_media":44574,"comment_status":"open","ping_status":"open","sticky":false,"template":"","format":"standard","meta":{"footnotes":""},"categories":[9],"tags":[],"class_list":["post-59695","post","type-post","status-publish","format-standard","has-post-thumbnail","hentry","category-sports"],"_links":{"self":[{"href":"https:\/\/dekkbi.com\/index.php?rest_route=\/wp\/v2\/posts\/59695","targetHints":{"allow":["GET"]}}],"collection":[{"href":"https:\/\/dekkbi.com\/index.php?rest_route=\/wp\/v2\/posts"}],"about":[{"href":"https:\/\/dekkbi.com\/index.php?rest_route=\/wp\/v2\/types\/post"}],"author":[{"embeddable":true,"href":"https:\/\/dekkbi.com\/index.php?rest_route=\/wp\/v2\/users\/1"}],"replies":[{"embeddable":true,"href":"https:\/\/dekkbi.com\/index.php?rest_route=%2Fwp%2Fv2%2Fcomments&post=59695"}],"version-history":[{"count":1,"href":"https:\/\/dekkbi.com\/index.php?rest_route=\/wp\/v2\/posts\/59695\/revisions"}],"predecessor-version":[{"id":59696,"href":"https:\/\/dekkbi.com\/index.php?rest_route=\/wp\/v2\/posts\/59695\/revisions\/59696"}],"wp:featuredmedia":[{"embeddable":true,"href":"https:\/\/dekkbi.com\/index.php?rest_route=\/wp\/v2\/media\/44574"}],"wp:attachment":[{"href":"https:\/\/dekkbi.com\/index.php?rest_route=%2Fwp%2Fv2%2Fmedia&parent=59695"}],"wp:term":[{"taxonomy":"category","embeddable":true,"href":"https:\/\/dekkbi.com\/index.php?rest_route=%2Fwp%2Fv2%2Fcategories&post=59695"},{"taxonomy":"post_tag","embeddable":true,"href":"https:\/\/dekkbi.com\/index.php?rest_route=%2Fwp%2Fv2%2Ftags&post=59695"}],"curies":[{"name":"wp","href":"https:\/\/api.w.org\/{rel}","templated":true}]}}