{"id":5965,"date":"2023-01-08T11:24:44","date_gmt":"2023-01-08T11:24:44","guid":{"rendered":"https:\/\/dekkbi.com\/?p=5965"},"modified":"2023-01-08T11:53:51","modified_gmt":"2023-01-08T11:53:51","slug":"le-nigeria-va-abriter-le-prochain-sommet-regional-de-lafrique-2023-fpu","status":"publish","type":"post","link":"https:\/\/dekkbi.com\/?p=5965","title":{"rendered":"Le Nigeria va abriter le prochain sommet r\u00e9gional de l\u2019Afrique 2023 (FPU)"},"content":{"rendered":"\n<p><a href=\"https:\/\/aps.sn\/detail\/2120\"><\/a>Le Sommet r\u00e9gional de l\u2019Afrique 2023, une initiative de la F\u00e9d\u00e9ration pour la paix universelle (FPU) aura lieu \u00e0 Abuja autour du th\u00e8me : \u2018\u2019Soutenir les objectifs et les projets phares de l&rsquo;Union africaine pour une paix durable : des solutions innovantes pour la paix en Afrique et dans le Monde\u2019\u2019, a appris l\u2019APS, samedi, des organisateurs.<\/p>\n\n\n\n<p>L\u2019annonce a \u00e9t\u00e9 faite par le directeur g\u00e9n\u00e9ral de la FPU, Yun Young Ho lors de la c\u00e9r\u00e9monie de lancement du Comit\u00e9 d\u2019organisation du Sommet de l\u2019Afrique 2023 qui s\u2019est tenu ce samedi \u00e0 Maputo, au Mozambique.<\/p>\n\n\n\n<p><br>\u2018\u2019J&rsquo;ai l&rsquo;honneur et le privil\u00e8ge d&rsquo;annoncer la tenue du Sommet de l\u2019Afrique 2023 \u00e0 Abuja, au Nigeria\u2019\u2019 a indiqu\u00e9 Yun Young Ho qui dit obtenir \u2018\u2019l\u2019accord\u00a0\u00bb du pr\u00e9sident en exercice de l\u2019Union africaine et celui de Muhammadu Buhari, pr\u00e9sident du Nigeria, le pays devant abriter la rencontre.<\/p>\n\n\n\n<p>Il ajoute que ces deux chefs d\u2019Etat et leur homologue Comorien Azali Assoumani vont assurer la copr\u00e9sidence du Comit\u00e9 d\u2019organisation du Sommet dont la date reste \u00e0 \u00eatre d\u00e9termin\u00e9e.<\/p>\n\n\n\n<p>\u2018\u2019En mai et septembre, j&rsquo;ai rencontr\u00e9 le pr\u00e9sident Macky Sall, pr\u00e9sident en exercice de l&rsquo;Union africaine (UA) qui a donn\u00e9 son accord pour le Sommet. En septembre, le pr\u00e9sident Buhari du Nigeria a accept\u00e9 le Sommet et a envoy\u00e9 une lettre officielle le confirmant en novembre\u2019\u2019 renseigne le directeur g\u00e9n\u00e9ral de la FPU.<\/p>\n\n\n\n<p><br>\u2018\u2019Le Sommet r\u00e9gional de l\u2019Afrique 2023 sera l&rsquo;occasion pour les dirigeants de l\u2019Afrique et du monde entier de se pencher s\u00e9rieusement sur les perspectives de paix, de s\u00e9curit\u00e9 et de d\u00e9veloppement humain en Afrique et dans le Monde\u2019\u2019 renseignent les dirigeants de la FPU.<\/p>\n\n\n\n<p><br>Ils ajoutent que \u2018\u2019le Sommet r\u00e9gional de l\u2019Afrique 2023 contribuera \u00e0 la construction d&rsquo;un monde plus inclusif, plus pacifique et plus prosp\u00e8re\u2019\u2019.<\/p>\n\n\n\n<p><br>\u2018\u2019Le riche patrimoine spirituel et culturel de l&rsquo;Afrique en tant que ressource pour la paix sera mis en avant afin de pr\u00e9senter et envisager de nouvelles id\u00e9es pour r\u00e9soudre la d\u00e9cadence morale et la perte des valeurs \u2019\u2019, indique la m\u00eame source.<\/p>\n\n\n\n<p><br>La FPU insiste notamment sur la n\u00e9cessit\u00e9 de prendre en compte la \u2018\u2019spiritualit\u00e9 africaine dans la r\u00e9solution des probl\u00e8mes\u00a0\u00bb.<\/p>\n\n\n\n<p><br>Elle plaide \u00e9galement pour l&rsquo;enregistrement de la F\u00e9d\u00e9ration et ses associations comme un \u2018\u2019organe consultatif\u00a0\u00bb aupr\u00e8s de l\u2019UA sur les questions de paix.<\/p>\n\n\n\n<p>PON\/SMD<\/p>\n","protected":false},"excerpt":{"rendered":"<p>Le Sommet r\u00e9gional de l\u2019Afrique 2023, une initiative de la F\u00e9d\u00e9ration pour la paix universelle (FPU) aura lieu \u00e0 Abuja<\/p>\n","protected":false},"author":1,"featured_media":4687,"comment_status":"open","ping_status":"open","sticky":false,"template":"","format":"standard","meta":{"footnotes":""},"categories":[6],"tags":[],"class_list":["post-5965","post","type-post","status-publish","format-standard","has-post-thumbnail","hentry","category-politics"],"_links":{"self":[{"href":"https:\/\/dekkbi.com\/index.php?rest_route=\/wp\/v2\/posts\/5965","targetHints":{"allow":["GET"]}}],"collection":[{"href":"https:\/\/dekkbi.com\/index.php?rest_route=\/wp\/v2\/posts"}],"about":[{"href":"https:\/\/dekkbi.com\/index.php?rest_route=\/wp\/v2\/types\/post"}],"author":[{"embeddable":true,"href":"https:\/\/dekkbi.com\/index.php?rest_route=\/wp\/v2\/users\/1"}],"replies":[{"embeddable":true,"href":"https:\/\/dekkbi.com\/index.php?rest_route=%2Fwp%2Fv2%2Fcomments&post=5965"}],"version-history":[{"count":1,"href":"https:\/\/dekkbi.com\/index.php?rest_route=\/wp\/v2\/posts\/5965\/revisions"}],"predecessor-version":[{"id":5968,"href":"https:\/\/dekkbi.com\/index.php?rest_route=\/wp\/v2\/posts\/5965\/revisions\/5968"}],"wp:featuredmedia":[{"embeddable":true,"href":"https:\/\/dekkbi.com\/index.php?rest_route=\/wp\/v2\/media\/4687"}],"wp:attachment":[{"href":"https:\/\/dekkbi.com\/index.php?rest_route=%2Fwp%2Fv2%2Fmedia&parent=5965"}],"wp:term":[{"taxonomy":"category","embeddable":true,"href":"https:\/\/dekkbi.com\/index.php?rest_route=%2Fwp%2Fv2%2Fcategories&post=5965"},{"taxonomy":"post_tag","embeddable":true,"href":"https:\/\/dekkbi.com\/index.php?rest_route=%2Fwp%2Fv2%2Ftags&post=5965"}],"curies":[{"name":"wp","href":"https:\/\/api.w.org\/{rel}","templated":true}]}}