{"id":59647,"date":"2025-07-11T14:44:53","date_gmt":"2025-07-11T14:44:53","guid":{"rendered":"https:\/\/dekkbi.com\/?p=59647"},"modified":"2025-07-11T14:44:54","modified_gmt":"2025-07-11T14:44:54","slug":"education-a-lenvironnement-un-projet-veut-planter-plus-de-6-millions-darbres-dans-des-ecoles-sur-dix-ans","status":"publish","type":"post","link":"https:\/\/dekkbi.com\/?p=59647","title":{"rendered":"\u00c9ducation \u00e0 l\u2019environnement: un projet veut planter plus de 6 millions d\u2019arbres dans des \u00e9coles sur dix ans"},"content":{"rendered":"\n<p>Ndiaganiao (Mbour), (APS) \u2013 Le Projet de verdissement des \u00e9coles du S\u00e9n\u00e9gal (PROVES), mis en \u0153uvre par le Centre d\u2019\u00e9ducation et de formation environnementales (CEFE) du minist\u00e8re de l\u2019Environnement et de la Transition \u00e9cologique, envisage de planter, durant les dix ann\u00e9es \u00e0 venir, 6 750 000 d\u2019arbres dans 6750 \u00e9coles, a annonc\u00e9 le ministre de tutelle Daouda Ngom.<\/p>\n\n\n\n<p>\u201dLe projet de verdissement des \u00e9coles du S\u00e9n\u00e9gal, que nous devons d\u00e9rouler sur dix ans, doit cibler 6 750 \u00e9coles, et au bout du projet, nous devons planter 6 750 000 arbres\u201c, a dit Daouda Ngom.<\/p>\n\n\n\n<p>Il pr\u00e9sidait, jeudi, l\u2019ouverture d\u2019un atelier de renforcement de capacit\u00e9s des \u00e9lus territoriaux, des \u00e9l\u00e8ves et des organisations communautaires des communes de Sandiara et de Ndiaganiao, marquant le lancement officiel dudit projet dans la commune de Ndiaganiao (Mbour, ouest).<\/p>\n\n\n\n<p>Le Projet de verdissement des \u00e9coles du S\u00e9n\u00e9gal, lanc\u00e9 en 2024,&nbsp;conjointement financ\u00e9 par le Projet de R\u00e9silience et de Reforestation Intensive pour la Sauvegarde des Territoires et des \u00c9cosyst\u00e8mes au S\u00e9n\u00e9gal (RIPOSTES), financ\u00e9 par l\u2019Union Europ\u00e9enne, et le Programme de Verdissement des \u00c9coles du S\u00e9n\u00e9gal (PROVES), s\u2019est d\u00e9roul\u00e9e le 25 octobre 2024 \u00e0 l\u2019\u00e9cole \u00e9l\u00e9mentaire Amady Barro Diouf de Niakhar, dans la r\u00e9gion de Fatick.<\/p>\n\n\n\n<p>Ce programme conjoint est le fruit de la collaboration entre l\u2019Organisation des Nations Unies pour l\u2019alimentation et l\u2019agriculture (FAO) et le Centre d\u2019\u00c9ducation et de Formation Environnementales (CEFE) du minist\u00e8re de l\u2019Environnement et de la Transition \u00e9cologique (METE).<\/p>\n\n\n\n<p>\u201dL\u2019objectif, c\u2019est d\u2019ancrer l\u2019\u00e9ducation \u00e0 l\u2019environnement dans les \u00e9coles, mais \u00e9galement d\u2019accompagner les collectivit\u00e9s territoriales\u201d dans le renforcement de cette \u00e9ducation, a-t-il expliqu\u00e9.<\/p>\n\n\n\n<p>Il est attendu de ce projet le reboisement des \u00e9coles, la cr\u00e9ation de jardins mara\u00eechers, mais \u00e9galement la sensibilisation des apprenants au recyclage et \u00e0 la collecte de d\u00e9chets plastiques, poursuit Daouda Ngom.<\/p>\n\n\n\n<p>Le financement du projet, qui n\u2019est pas encore boucl\u00e9, est arr\u00eat\u00e9 \u00e0 16 milliards de francs CFA.<\/p>\n\n\n\n<p>DOB\/ADI\/HK\/ADL<\/p>\n","protected":false},"excerpt":{"rendered":"<p>Ndiaganiao (Mbour), (APS) \u2013 Le Projet de verdissement des \u00e9coles du S\u00e9n\u00e9gal (PROVES), mis en \u0153uvre par le Centre d\u2019\u00e9ducation<\/p>\n","protected":false},"author":1,"featured_media":59648,"comment_status":"open","ping_status":"open","sticky":false,"template":"","format":"standard","meta":{"footnotes":""},"categories":[21],"tags":[],"class_list":["post-59647","post","type-post","status-publish","format-standard","has-post-thumbnail","hentry","category-societe"],"_links":{"self":[{"href":"https:\/\/dekkbi.com\/index.php?rest_route=\/wp\/v2\/posts\/59647","targetHints":{"allow":["GET"]}}],"collection":[{"href":"https:\/\/dekkbi.com\/index.php?rest_route=\/wp\/v2\/posts"}],"about":[{"href":"https:\/\/dekkbi.com\/index.php?rest_route=\/wp\/v2\/types\/post"}],"author":[{"embeddable":true,"href":"https:\/\/dekkbi.com\/index.php?rest_route=\/wp\/v2\/users\/1"}],"replies":[{"embeddable":true,"href":"https:\/\/dekkbi.com\/index.php?rest_route=%2Fwp%2Fv2%2Fcomments&post=59647"}],"version-history":[{"count":1,"href":"https:\/\/dekkbi.com\/index.php?rest_route=\/wp\/v2\/posts\/59647\/revisions"}],"predecessor-version":[{"id":59649,"href":"https:\/\/dekkbi.com\/index.php?rest_route=\/wp\/v2\/posts\/59647\/revisions\/59649"}],"wp:featuredmedia":[{"embeddable":true,"href":"https:\/\/dekkbi.com\/index.php?rest_route=\/wp\/v2\/media\/59648"}],"wp:attachment":[{"href":"https:\/\/dekkbi.com\/index.php?rest_route=%2Fwp%2Fv2%2Fmedia&parent=59647"}],"wp:term":[{"taxonomy":"category","embeddable":true,"href":"https:\/\/dekkbi.com\/index.php?rest_route=%2Fwp%2Fv2%2Fcategories&post=59647"},{"taxonomy":"post_tag","embeddable":true,"href":"https:\/\/dekkbi.com\/index.php?rest_route=%2Fwp%2Fv2%2Ftags&post=59647"}],"curies":[{"name":"wp","href":"https:\/\/api.w.org\/{rel}","templated":true}]}}