{"id":59586,"date":"2025-07-10T10:54:26","date_gmt":"2025-07-10T10:54:26","guid":{"rendered":"https:\/\/dekkbi.com\/?p=59586"},"modified":"2025-07-10T10:54:58","modified_gmt":"2025-07-10T10:54:58","slug":"el-malick-ndiaye-a-paris-pour-la-50e-session-de-lassemblee-parlementaire-de-la-francophonie-apf","status":"publish","type":"post","link":"https:\/\/dekkbi.com\/?p=59586","title":{"rendered":"El Malick Ndiaye \u00e0 Paris pour la 50e session de l\u2019Assembl\u00e9e parlementaire de la Francophonie (APF)"},"content":{"rendered":"\n<p><a href=\"https:\/\/lesoleil.sn\/wp-content\/uploads\/2025\/07\/El-Malick-Ndiaye-au-Luxembourg.jpg\"><\/a>Ce mercredi 9 juillet, El Malick Ndiaye assiste \u00e0 Paris (Palais du Luxembourg, si\u00e8ge du S\u00e9nat) \u00e0 l\u2019ouverture de la 50e session de l\u2019Assembl\u00e9e parlementaire de la Francophonie (APF), organisation dont il est le vice-pr\u00e9sident.<\/p>\n\n\n\n<p>Le Pr\u00e9sident de l\u2019Assembl\u00e9e nationale s\u00e9n\u00e9galaise \u00e9tait en compagnie de hautes personnalit\u00e9s dont&nbsp;: Monsieur Hilarion Etong, pr\u00e9sident de l\u2019APF, Madame Nathalie Roy, premi\u00e8re vice-pr\u00e9sidente de l\u2019APF et pr\u00e9sidente de l\u2019Assembl\u00e9e nationale du Qu\u00e9bec, Monsieur Rachid Talbi Alami, troisi\u00e8me vice-pr\u00e9sident de l\u2019APF et pr\u00e9sident de la Chambre des repr\u00e9sentants du Royaume du Maroc.<\/p>\n\n\n\n<p>El Malick Ndiaye aura par ailleurs l\u2019occasion d\u2019\u00e9changer sur les grands enjeux d\u00e9mocratiques, ainsi que sur les d\u00e9fis communs auxquels sont confront\u00e9s les pays membres de la Francophonie parlementaire. En outre, le Sahel, la r\u00e9gion des Grands Lacs, ou encore le Soudan du Sud, sont \u00e0 l\u2019ordre du jour. Une mani\u00e8re de traduire la volont\u00e9 de l\u2019ATF d\u2019agir pour la paix, la stabilit\u00e9 et la coop\u00e9ration r\u00e9gionale.<\/p>\n\n\n\n<p><strong>O.B.N<\/strong><\/p>\n\n\n\n<p>LESOLEIL<\/p>\n","protected":false},"excerpt":{"rendered":"<p>Ce mercredi 9 juillet, El Malick Ndiaye assiste \u00e0 Paris (Palais du Luxembourg, si\u00e8ge du S\u00e9nat) \u00e0 l\u2019ouverture de la<\/p>\n","protected":false},"author":1,"featured_media":59587,"comment_status":"open","ping_status":"open","sticky":false,"template":"","format":"standard","meta":{"footnotes":""},"categories":[6],"tags":[],"class_list":["post-59586","post","type-post","status-publish","format-standard","has-post-thumbnail","hentry","category-politics"],"_links":{"self":[{"href":"https:\/\/dekkbi.com\/index.php?rest_route=\/wp\/v2\/posts\/59586","targetHints":{"allow":["GET"]}}],"collection":[{"href":"https:\/\/dekkbi.com\/index.php?rest_route=\/wp\/v2\/posts"}],"about":[{"href":"https:\/\/dekkbi.com\/index.php?rest_route=\/wp\/v2\/types\/post"}],"author":[{"embeddable":true,"href":"https:\/\/dekkbi.com\/index.php?rest_route=\/wp\/v2\/users\/1"}],"replies":[{"embeddable":true,"href":"https:\/\/dekkbi.com\/index.php?rest_route=%2Fwp%2Fv2%2Fcomments&post=59586"}],"version-history":[{"count":1,"href":"https:\/\/dekkbi.com\/index.php?rest_route=\/wp\/v2\/posts\/59586\/revisions"}],"predecessor-version":[{"id":59588,"href":"https:\/\/dekkbi.com\/index.php?rest_route=\/wp\/v2\/posts\/59586\/revisions\/59588"}],"wp:featuredmedia":[{"embeddable":true,"href":"https:\/\/dekkbi.com\/index.php?rest_route=\/wp\/v2\/media\/59587"}],"wp:attachment":[{"href":"https:\/\/dekkbi.com\/index.php?rest_route=%2Fwp%2Fv2%2Fmedia&parent=59586"}],"wp:term":[{"taxonomy":"category","embeddable":true,"href":"https:\/\/dekkbi.com\/index.php?rest_route=%2Fwp%2Fv2%2Fcategories&post=59586"},{"taxonomy":"post_tag","embeddable":true,"href":"https:\/\/dekkbi.com\/index.php?rest_route=%2Fwp%2Fv2%2Ftags&post=59586"}],"curies":[{"name":"wp","href":"https:\/\/api.w.org\/{rel}","templated":true}]}}