{"id":59580,"date":"2025-07-10T10:32:38","date_gmt":"2025-07-10T10:32:38","guid":{"rendered":"https:\/\/dekkbi.com\/?p=59580"},"modified":"2025-07-10T10:32:38","modified_gmt":"2025-07-10T10:32:38","slug":"alliance-des-etats-du-sahel-une-cour-penale-regionale-mise-en-place","status":"publish","type":"post","link":"https:\/\/dekkbi.com\/?p=59580","title":{"rendered":"Alliance des \u00c9tats du Sahel\u00a0: Une Cour p\u00e9nale r\u00e9gionale mise en place"},"content":{"rendered":"\n<p><a href=\"https:\/\/lesoleil.sn\/wp-content\/uploads\/2025\/07\/AES.jpg\"><\/a><strong>Le Burkina Faso, le Mali et le Niger, membres de l\u2019Alliance des \u00c9tats du Sahel (AES), ont officiellement annonc\u00e9 la cr\u00e9ation d\u2019une Cour p\u00e9nale et des droits humains du Sahel (CPS-DH). Selon une note rendue publique mercredi, cette Cour va juger les crimes les plus graves, tels que les crimes de guerre, les crimes contre l\u2019humanit\u00e9, les actes de terrorisme et les violations graves des droits humains.<\/strong><\/p>\n\n\n\n<p>L\u2019Alliance des \u00c9tats du Sahel (AES) a d\u00e9sormais sa propre Cour p\u00e9nale. Cette institution r\u00e9gionale, qui sera bas\u00e9e \u00e0 Bamako, aura pour mission de juger les crimes les plus graves, notamment les crimes de guerre, les crimes contre l\u2019humanit\u00e9, les actes de terrorisme et les violations graves des droits humains.<\/p>\n\n\n\n<p>\u00ab&nbsp;Cette d\u00e9cision s\u2019inscrit dans une volont\u00e9 commune d\u2019harmoniser les syst\u00e8mes judiciaires des trois pays et de renforcer la lutte contre l\u2019impunit\u00e9 dans la r\u00e9gion&nbsp;\u00bb, renseigne la note de l\u2019AES.<\/p>\n\n\n\n<p>La m\u00eame source pr\u00e9cise qu\u2019un centre p\u00e9nitentiaire de haute s\u00e9curit\u00e9, une base de donn\u00e9es judiciaire partag\u00e9e et une plateforme num\u00e9rique d\u2019\u00e9change d\u2019informations accompagneront le fonctionnement de cette nouvelle instance.<\/p>\n\n\n\n<p><strong>M. DIEME<\/strong><br>LESOLEIL<\/p>\n","protected":false},"excerpt":{"rendered":"<p>Le Burkina Faso, le Mali et le Niger, membres de l\u2019Alliance des \u00c9tats du Sahel (AES), ont officiellement annonc\u00e9 la<\/p>\n","protected":false},"author":1,"featured_media":59581,"comment_status":"open","ping_status":"open","sticky":false,"template":"","format":"standard","meta":{"footnotes":""},"categories":[51],"tags":[],"class_list":["post-59580","post","type-post","status-publish","format-standard","has-post-thumbnail","hentry","category-general"],"_links":{"self":[{"href":"https:\/\/dekkbi.com\/index.php?rest_route=\/wp\/v2\/posts\/59580","targetHints":{"allow":["GET"]}}],"collection":[{"href":"https:\/\/dekkbi.com\/index.php?rest_route=\/wp\/v2\/posts"}],"about":[{"href":"https:\/\/dekkbi.com\/index.php?rest_route=\/wp\/v2\/types\/post"}],"author":[{"embeddable":true,"href":"https:\/\/dekkbi.com\/index.php?rest_route=\/wp\/v2\/users\/1"}],"replies":[{"embeddable":true,"href":"https:\/\/dekkbi.com\/index.php?rest_route=%2Fwp%2Fv2%2Fcomments&post=59580"}],"version-history":[{"count":1,"href":"https:\/\/dekkbi.com\/index.php?rest_route=\/wp\/v2\/posts\/59580\/revisions"}],"predecessor-version":[{"id":59582,"href":"https:\/\/dekkbi.com\/index.php?rest_route=\/wp\/v2\/posts\/59580\/revisions\/59582"}],"wp:featuredmedia":[{"embeddable":true,"href":"https:\/\/dekkbi.com\/index.php?rest_route=\/wp\/v2\/media\/59581"}],"wp:attachment":[{"href":"https:\/\/dekkbi.com\/index.php?rest_route=%2Fwp%2Fv2%2Fmedia&parent=59580"}],"wp:term":[{"taxonomy":"category","embeddable":true,"href":"https:\/\/dekkbi.com\/index.php?rest_route=%2Fwp%2Fv2%2Fcategories&post=59580"},{"taxonomy":"post_tag","embeddable":true,"href":"https:\/\/dekkbi.com\/index.php?rest_route=%2Fwp%2Fv2%2Ftags&post=59580"}],"curies":[{"name":"wp","href":"https:\/\/api.w.org\/{rel}","templated":true}]}}