{"id":59575,"date":"2025-07-10T10:23:49","date_gmt":"2025-07-10T10:23:49","guid":{"rendered":"https:\/\/dekkbi.com\/?p=59575"},"modified":"2025-07-10T10:23:52","modified_gmt":"2025-07-10T10:23:52","slug":"mamadou-ndoye-ancien-ministre-il-nous-faut-une-politique-linguistique-audacieuse-a-lecole","status":"publish","type":"post","link":"https:\/\/dekkbi.com\/?p=59575","title":{"rendered":"Mamadou Ndoye, ancien ministre\u00a0: \u00ab Il nous faut une politique linguistique audacieuse \u00e0 l\u2019\u00e9cole \u00bb"},"content":{"rendered":"\n<p><strong>Invit\u00e9 \u00e0 prononcer le cours inaugural du colloque international \u00ab Multilinguisme et diversit\u00e9 \u00e0 l\u2019\u00e9cole : regards crois\u00e9s entre recherche, pratique et institutions \u00bb, Mamadou Ndoye, ancien ministre de l\u2019Alphab\u00e9tisation et des Langues nationales sous le r\u00e9gime du Pr\u00e9sident Abdou Diouf, a livr\u00e9 un vibrant plaidoyer pour une politique linguistique audacieuse \u00e0 l\u2019\u00e9cole.<\/strong><\/p>\n\n\n\n<p>\u00ab L\u2019enfant ne vient pas \u00e0 l\u2019\u00e9cole pour apprendre \u00e0 parler sa langue, il vient pour en comprendre le fonctionnement \u00bb, a martel\u00e9 Mamadou Ndoye, ancien ministre de l\u2019Alphab\u00e9tisation et des Langues nationales. Il pronon\u00e7ait le cours inaugural du colloque international \u00ab Multilinguisme et diversit\u00e9 \u00e0 l\u2019\u00e9cole : regards crois\u00e9s entre recherche, pratique et institutions \u00bb (8 au 10 juillet).<\/p>\n\n\n\n<p>L\u2019ancien secr\u00e9taire ex\u00e9cutif de l\u2019Adea (Association pour le d\u00e9veloppement de l\u2019\u00e9ducation en Afrique) a lanc\u00e9 un vibrant plaidoyer pour une politique linguistique coh\u00e9rente et ambitieuse \u00e0 l\u2019\u00e9cole, pla\u00e7ant les langues nationales au c\u0153ur de la r\u00e9ussite \u00e9ducative et du d\u00e9veloppement national. Pour lui, il est temps de construire un v\u00e9ritable \u00e9cosyst\u00e8me linguistique au service du savoir, de la culture et de l\u2019identit\u00e9.<\/p>\n\n\n\n<p>\u00c0 l\u2019en croire, l\u2019\u00e9ducation s\u00e9n\u00e9galaise est confront\u00e9e \u00e0 deux d\u00e9fis structurels majeurs. D\u2019abord, celui de la massification de l\u2019acc\u00e8s \u00e0 l\u2019\u00e9cole, pour permettre \u00e0 chaque enfant d\u2019\u00eatre scolaris\u00e9 dans de bonnes conditions. Ensuite, celui de la qualit\u00e9 de l\u2019apprentissage, indissociable de la ma\u00eetrise de la langue d\u2019enseignement.<\/p>\n\n\n\n<p>\u00ab La langue est le principal vecteur de l\u2019acquisition du savoir. C\u2019est par elle que se construisent les concepts, que s\u2019organise la pens\u00e9e et que se transmettent les connaissances\u202f\u00bb, rappelle-t-il.<\/p>\n\n\n\n<p>Autrement dit, l\u2019am\u00e9lioration des performances scolaires passe in\u00e9vitablement par une r\u00e9forme de l\u2019enseignement des langues \u00e0 l\u2019\u00e9cole. \u00ab Comprendre sa langue, d\u00e9couvrir la culture qu\u2019elle porte, affirmer son identit\u00e9 : voil\u00e0 les cl\u00e9s pour transformer l\u2019\u00e9ducation en levier de d\u00e9veloppement \u00bb, a-t-il dit.<\/p>\n\n\n\n<h3 class=\"wp-block-heading\">Cr\u00e9er un v\u00e9ritable \u00e9cosyst\u00e8me linguistique<\/h3>\n\n\n\n<p>Mais, Mamadou Ndoye refuse toute approche superficielle. Il ne suffit pas, selon lui, d\u2019introduire les langues nationales dans les curricula ou de les afficher sur les murs des classes. Il faut aller beaucoup plus loin : cr\u00e9er un v\u00e9ritable \u00e9cosyst\u00e8me linguistique, dans lequel les langues nationales seront valoris\u00e9es dans tous les espaces de la vie sociale.<\/p>\n\n\n\n<p>Pour l\u2019expert, cette pr\u00e9sence sociale de la langue est essentielle pour en faire un outil viable d\u2019apprentissage. Il appelle ainsi \u00e0 l\u2019\u00e9mergence d\u2019une industrie linguistique libre, avec des productions culturelles, artistiques, m\u00e9diatiques et scientifiques dans les langues nationales. L\u2019un des malentendus que Mamadou Ndoye veut dissiper concerne la fonction de la langue maternelle \u00e0 l\u2019\u00e9cole. Trop souvent, elle est per\u00e7ue comme un simple outil de transition ou de facilitation.<\/p>\n\n\n\n<p>Or, insiste-t-il, \u00ab\u202fl\u2019enfant parle d\u00e9j\u00e0 sa langue\u202f\u00bb. L\u2019objectif n\u2019est donc pas de lui apprendre \u00e0 parler, mais de l\u2019amener \u00e0 comprendre le fonctionnement de sa langue : morphologie, syntaxe, lexique. Ce travail de structuration de la pens\u00e9e linguistique est crucial, et va de pair avec la d\u00e9couverte de la culture port\u00e9e par la langue.<\/p>\n\n\n\n<p>\u00ab\u202fChaque langue est porteuse d\u2019une vision du monde, d\u2019une repr\u00e9sentation de la r\u00e9alit\u00e9, d\u2019un rapport particulier \u00e0 l\u2019environnement\u202f\u00bb, souligne Mamadou Ndoye. C\u2019est pourquoi il appelle \u00e0 une r\u00e9vision des curricula pour int\u00e9grer pleinement ces dimensions culturelles et identitaires.<\/p>\n\n\n\n<p><strong>Daouda DIOUF<\/strong><br>LESOLEIL<\/p>\n","protected":false},"excerpt":{"rendered":"<p>Invit\u00e9 \u00e0 prononcer le cours inaugural du colloque international \u00ab Multilinguisme et diversit\u00e9 \u00e0 l\u2019\u00e9cole : regards crois\u00e9s entre recherche,<\/p>\n","protected":false},"author":1,"featured_media":26259,"comment_status":"open","ping_status":"open","sticky":false,"template":"","format":"standard","meta":{"footnotes":""},"categories":[21],"tags":[],"class_list":["post-59575","post","type-post","status-publish","format-standard","has-post-thumbnail","hentry","category-societe"],"_links":{"self":[{"href":"https:\/\/dekkbi.com\/index.php?rest_route=\/wp\/v2\/posts\/59575","targetHints":{"allow":["GET"]}}],"collection":[{"href":"https:\/\/dekkbi.com\/index.php?rest_route=\/wp\/v2\/posts"}],"about":[{"href":"https:\/\/dekkbi.com\/index.php?rest_route=\/wp\/v2\/types\/post"}],"author":[{"embeddable":true,"href":"https:\/\/dekkbi.com\/index.php?rest_route=\/wp\/v2\/users\/1"}],"replies":[{"embeddable":true,"href":"https:\/\/dekkbi.com\/index.php?rest_route=%2Fwp%2Fv2%2Fcomments&post=59575"}],"version-history":[{"count":1,"href":"https:\/\/dekkbi.com\/index.php?rest_route=\/wp\/v2\/posts\/59575\/revisions"}],"predecessor-version":[{"id":59576,"href":"https:\/\/dekkbi.com\/index.php?rest_route=\/wp\/v2\/posts\/59575\/revisions\/59576"}],"wp:featuredmedia":[{"embeddable":true,"href":"https:\/\/dekkbi.com\/index.php?rest_route=\/wp\/v2\/media\/26259"}],"wp:attachment":[{"href":"https:\/\/dekkbi.com\/index.php?rest_route=%2Fwp%2Fv2%2Fmedia&parent=59575"}],"wp:term":[{"taxonomy":"category","embeddable":true,"href":"https:\/\/dekkbi.com\/index.php?rest_route=%2Fwp%2Fv2%2Fcategories&post=59575"},{"taxonomy":"post_tag","embeddable":true,"href":"https:\/\/dekkbi.com\/index.php?rest_route=%2Fwp%2Fv2%2Ftags&post=59575"}],"curies":[{"name":"wp","href":"https:\/\/api.w.org\/{rel}","templated":true}]}}