{"id":59549,"date":"2025-07-09T12:19:46","date_gmt":"2025-07-09T12:19:46","guid":{"rendered":"https:\/\/dekkbi.com\/?p=59549"},"modified":"2025-07-09T12:19:46","modified_gmt":"2025-07-09T12:19:46","slug":"le-siege-du-rn-perquisitionne-dans-le-cadre-dune-enquete-pour-financement-illicite-de-campagnes","status":"publish","type":"post","link":"https:\/\/dekkbi.com\/?p=59549","title":{"rendered":"Le si\u00e8ge du RN perquisitionn\u00e9 dans le cadre d&rsquo;une enqu\u00eate pour financement illicite de campagnes"},"content":{"rendered":"\n<p>Le pr\u00e9sident du Rassemblement national Jordan Bardella a annonc\u00e9 mercredi 9 juillet qu&rsquo;une perquisition \u00e9tait en cours au si\u00e8ge du parti \u00e0 Paris, men\u00e9e selon lui par \u00ab&nbsp;<em>une vingtaine de policiers de la brigade financi\u00e8re&nbsp;<\/em>\u00bb et \u00ab&nbsp;<em>deux juges d&rsquo;instruction<\/em>&nbsp;\u00bb, assurant ne pas conna\u00eetre son motif. Le parquet a annonc\u00e9 enqu\u00eater dans le cadre d&rsquo;une information judiciaire ouverte des soup\u00e7ons de financement ill\u00e9gal des campagnes pr\u00e9sidentielle et l\u00e9gislative en 2022 et europ\u00e9enne en 2024.<\/p>\n\n\n\n<p>Par :RFI avec AFP<\/p>\n\n\n\n<p>Le si\u00e8ge du Rassemblement national \u00e0 Paris, des entreprises et les domiciles des dirigeants de ces soci\u00e9t\u00e9s ont \u00e9t\u00e9 perquisitionn\u00e9s ce mercredi dans le cadre d&rsquo;une information judiciaire ouverte depuis juillet 2024 sur des soup\u00e7ons de financement ill\u00e9gal des campagnes pr\u00e9sidentielle et l\u00e9gislative en 2022 et europ\u00e9enne en 2024, a indiqu\u00e9 le parquet de Paris.<\/p>\n\n\n\n<p>Les investigations doivent \u00ab&nbsp;<em>permettre de d\u00e9terminer si ces campagnes ont \u00e9t\u00e9 notamment financ\u00e9es gr\u00e2ce \u00e0 des pr\u00eats ill\u00e9gaux de particuliers b\u00e9n\u00e9ficiant au parti ou \u00e0 des candidats du Rassemblement national, ainsi que par des surfacturations de prestations ou des facturations de prestations fictives ayant \u00e9t\u00e9 int\u00e9gr\u00e9es par la suite dans les demandes de remboursement forfaitaire par l&rsquo;\u00c9tat des d\u00e9penses de campagne<\/em>&nbsp;\u00bb, a ajout\u00e9 le parquet.<\/p>\n\n\n\n<h2 class=\"wp-block-heading\">Jordan Bardella d\u00e9nonce \u00ab&nbsp;un acharnement&nbsp;\u00bb<\/h2>\n\n\n\n<p>\u00ab&nbsp;<em>Tous les mails, documents et \u00e9l\u00e9ments de comptabilit\u00e9 du premier parti d&rsquo;opposition sont saisis, sans que nous sachions \u00e0 ce stade quels sont pr\u00e9cis\u00e9ment les griefs qui en sont le fondemen<\/em>t \u00bb, a-t-il d\u00e9taill\u00e9 sans un message sur X, d\u00e9non\u00e7ant un \u00ab&nbsp;<em>acharnement&nbsp;<\/em>\u00bb.<\/p>\n\n\n\n<p>Le chef de parti a assur\u00e9 que cette perquisition avait commenc\u00e9 \u00e0 8h50 (6hTU) mercredi 9 juillet et a pr\u00e9cis\u00e9 qu&rsquo;elle concernait aussi \u00ab<em>&nbsp;les bureaux des dirigeants<\/em>&nbsp;\u00bb. \u00ab&nbsp;<em>L&rsquo;int\u00e9gralit\u00e9 des dossiers qui concernent les derni\u00e8res campagnes r\u00e9gionales, pr\u00e9sidentielles, l\u00e9gislatives et europ\u00e9ennes sont aujourd&rsquo;hui entre les mains de la justice<\/em>&nbsp;\u00bb, a expliqu\u00e9&nbsp;<strong><a href=\"https:\/\/www.rfi.fr\/fr\/tag\/jordan-bardella\/\">Jordan Bardella<\/a><\/strong>.<\/p>\n\n\n\n<p>Pour afficher ce contenu X (Twitter), il est n\u00e9cessaire d&rsquo;autoriser les cookies de mesure d&rsquo;audience et de publicit\u00e9.AccepterG\u00e9rer mes choix<\/p>\n\n\n\n<h2 class=\"wp-block-heading\">Une \u00ab&nbsp;<em>op\u00e9ration spectaculaire et in\u00e9dite<\/em>&nbsp;\u00bb<\/h2>\n\n\n\n<p>Il a d\u00e9nonc\u00e9 une \u00ab&nbsp;<em>op\u00e9ration spectaculaire et in\u00e9dite<\/em>&nbsp;\u00bb qui s&rsquo;inscrit selon lui \u00ab&nbsp;<em>dans une nouvelle op\u00e9ration de harc\u00e8lement<\/em>&nbsp;\u00bb. \u00ab&nbsp;<em>C&rsquo;est une atteinte grave au pluralisme et \u00e0 l&rsquo;alternance d\u00e9mocratique<\/em>&nbsp;\u00bb, s&rsquo;est-il indign\u00e9, estimant que \u00ab<em>&nbsp;jamais aucun parti d&rsquo;opposition n&rsquo;a subi un tel acharnement sous la Ve R\u00e9publique<\/em>&nbsp;\u00bb.<\/p>\n\n\n\n<p>La veille, le parquet europ\u00e9en avait annonc\u00e9 avoir ouvert une enqu\u00eate sur la famille politique \u00e0 laquelle appartenait le Rassemblement national au Parlement europ\u00e9en avant 2024 pour diverses irr\u00e9gularit\u00e9s financi\u00e8res, mais on ignore si la perquisition est li\u00e9e \u00e0 cette enqu\u00eate.<\/p>\n\n\n\n<p>\u00c0 lire aussi<a href=\"https:\/\/www.rfi.fr\/fr\/europe\/20250708-le-rassemblement-national-et-ses-alli%C3%A9s-%C3%A0-bruxelles-vis%C3%A9s-par-une-enqu%C3%AAte-du-parquet-europ%C3%A9en\">Le Rassemblement national et ses alli\u00e9s \u00e0 Bruxelles vis\u00e9s par une enqu\u00eate du parquet europ\u00e9en<\/a><\/p>\n\n\n\n<p>\u00ab&nbsp;<em>Un an apr\u00e8s avoir vol\u00e9 les \u00e9lections par ses magouilles et ses mensonges, le Syst\u00e8me sombre dans les basses \u0153uvres<\/em>&nbsp;\u00bb, a comment\u00e9 sur X le pr\u00e9sident d\u00e9l\u00e9gu\u00e9 du groupe RN \u00e0 l&rsquo;Assembl\u00e9e nationale, Jean-Philippe Tanguy. \u00ab<em>&nbsp;Les institutions sont d\u00e9voy\u00e9es par des bandes qui veulent garder le pouvoir \u00e0 tout prix !<\/em>&nbsp;\u00bb, a-t-il lanc\u00e9.<\/p>\n","protected":false},"excerpt":{"rendered":"<p>Le pr\u00e9sident du Rassemblement national Jordan Bardella a annonc\u00e9 mercredi 9 juillet qu&rsquo;une perquisition \u00e9tait en cours au si\u00e8ge du<\/p>\n","protected":false},"author":1,"featured_media":51207,"comment_status":"open","ping_status":"open","sticky":false,"template":"","format":"standard","meta":{"footnotes":""},"categories":[51],"tags":[],"class_list":["post-59549","post","type-post","status-publish","format-standard","has-post-thumbnail","hentry","category-general"],"_links":{"self":[{"href":"https:\/\/dekkbi.com\/index.php?rest_route=\/wp\/v2\/posts\/59549","targetHints":{"allow":["GET"]}}],"collection":[{"href":"https:\/\/dekkbi.com\/index.php?rest_route=\/wp\/v2\/posts"}],"about":[{"href":"https:\/\/dekkbi.com\/index.php?rest_route=\/wp\/v2\/types\/post"}],"author":[{"embeddable":true,"href":"https:\/\/dekkbi.com\/index.php?rest_route=\/wp\/v2\/users\/1"}],"replies":[{"embeddable":true,"href":"https:\/\/dekkbi.com\/index.php?rest_route=%2Fwp%2Fv2%2Fcomments&post=59549"}],"version-history":[{"count":1,"href":"https:\/\/dekkbi.com\/index.php?rest_route=\/wp\/v2\/posts\/59549\/revisions"}],"predecessor-version":[{"id":59550,"href":"https:\/\/dekkbi.com\/index.php?rest_route=\/wp\/v2\/posts\/59549\/revisions\/59550"}],"wp:featuredmedia":[{"embeddable":true,"href":"https:\/\/dekkbi.com\/index.php?rest_route=\/wp\/v2\/media\/51207"}],"wp:attachment":[{"href":"https:\/\/dekkbi.com\/index.php?rest_route=%2Fwp%2Fv2%2Fmedia&parent=59549"}],"wp:term":[{"taxonomy":"category","embeddable":true,"href":"https:\/\/dekkbi.com\/index.php?rest_route=%2Fwp%2Fv2%2Fcategories&post=59549"},{"taxonomy":"post_tag","embeddable":true,"href":"https:\/\/dekkbi.com\/index.php?rest_route=%2Fwp%2Fv2%2Ftags&post=59549"}],"curies":[{"name":"wp","href":"https:\/\/api.w.org\/{rel}","templated":true}]}}