{"id":59546,"date":"2025-07-09T11:41:42","date_gmt":"2025-07-09T11:41:42","guid":{"rendered":"https:\/\/dekkbi.com\/?p=59546"},"modified":"2025-07-09T12:17:08","modified_gmt":"2025-07-09T12:17:08","slug":"presidentielle-au-cameroun-paul-biya-est-le-candidat-du-rdpc-malgre-des-defections-au-sein-du-gouvernement","status":"publish","type":"post","link":"https:\/\/dekkbi.com\/?p=59546","title":{"rendered":"Pr\u00e9sidentielle au Cameroun: Paul Biya \u00ab\u00a0est le candidat\u00a0\u00bb du RDPC malgr\u00e9 des d\u00e9fections au sein du gouvernement"},"content":{"rendered":"\n<p>De premi\u00e8res divergences apparaissent au sein du pouvoir camerounais dirig\u00e9 de main de fer par Paul Biya depuis plus de 42 ans. Si deux ministres ont d\u00e9missionn\u00e9 du gouvernement la semaine derni\u00e8re, le Rassemblement d\u00e9mocratique du peuple camerounais (RDPC) assure qu&rsquo;il sera le candidat du parti et que sa candidature est&nbsp;<em>\u00ab\u00a0d\u00e9j\u00e0 valid\u00e9e par les statuts\u00a0\u00bb&nbsp;<\/em>de la formation politique.<\/p>\n\n\n\n<p>Paul Biya, 92 ans, sera-t-il candidat lors de la prochaine \u00e9lection pr\u00e9sidentielle au Cameroun, pr\u00e9vue dans trois mois? \u00ab\u00a0Le candidat du Rassemblement d\u00e9mocratique du peuple camerounais (RDPC) est d\u00e9sign\u00e9 (&#8230;) Je le dis de mani\u00e8re cat\u00e9gorique. Cela veut dire qu&rsquo;il ne laisse planer aucune possibilit\u00e9 de doutes, d&rsquo;\u00e9quivoques ou de tergiversations\u00a0\u00bb, a d\u00e9clar\u00e9 ce mardi 8 juillet sur\u00a0RFI,\u00a0Jacques Fame Ndongo,\u00a0le porte-parole du parti, s&rsquo;appuyant sur les statuts de la formation politique.\u00a0<\/p>\n\n\n\n<p><em>\u00ab\u00a0On n&rsquo;a pas besoin d&rsquo;un congr\u00e8s (&#8230;) Il est candidat. Sa candidature est d\u00e9j\u00e0 valid\u00e9e par les textes de base du parti\u00a0\u00bb,&nbsp;<\/em>a ajout\u00e9 celui qui&nbsp;est aussi ministre d&rsquo;\u00c9tat et ministre de l&rsquo;Enseignement sup\u00e9rieur, alors que Paul Biya ne s&rsquo;est toujours pas officiellement d\u00e9clar\u00e9 candidat \u00e0 sa r\u00e9\u00e9lection apr\u00e8s plus de 42 ans \u00e0 la t\u00eate du pays.<\/p>\n\n\n\n<h1 class=\"wp-block-heading\">Pr\u00e9sidentielle au Cameroun: Paul Biya \u00ab\u00a0est le candidat\u00a0\u00bb du RDPC malgr\u00e9 des d\u00e9fections au sein du gouvernement<\/h1>\n\n\n\n<p>De premi\u00e8res divergences apparaissent au sein du pouvoir camerounais dirig\u00e9 de main de fer par Paul Biya depuis plus de 42 ans. Si deux ministres ont d\u00e9missionn\u00e9 du gouvernement la semaine derni\u00e8re, le Rassemblement d\u00e9mocratique du peuple camerounais (RDPC) assure qu&rsquo;il sera le candidat du parti et que sa candidature est&nbsp;<em>\u00ab\u00a0d\u00e9j\u00e0 valid\u00e9e par les statuts\u00a0\u00bb&nbsp;<\/em>de la formation politique.<\/p>\n\n\n\n<p>Paul Biya, 92 ans, sera-t-il candidat lors de la prochaine \u00e9lection pr\u00e9sidentielle au Cameroun, pr\u00e9vue dans trois mois? \u00ab\u00a0Le candidat du Rassemblement d\u00e9mocratique du peuple camerounais (RDPC) est d\u00e9sign\u00e9 (&#8230;) Je le dis de mani\u00e8re cat\u00e9gorique. Cela veut dire qu&rsquo;il ne laisse planer aucune possibilit\u00e9 de doutes, d&rsquo;\u00e9quivoques ou de tergiversations\u00a0\u00bb, a d\u00e9clar\u00e9 ce mardi 8 juillet sur&nbsp;<a href=\"https:\/\/www.rfi.fr\/fr\/podcasts\/le-grand-invit%C3%A9-afrique\/20250708-cameroun-paul-biya-est-le-candidat-du-rdpc-%C3%A0-l-%C3%A9lection-pr%C3%A9sidentielle-tout-le-reste-n-est-que-supputation\" target=\"_blank\" rel=\"noreferrer noopener\">RFI<\/a>,&nbsp;Jacques Fame Ndongo,&nbsp;le porte-parole du parti, s&rsquo;appuyant sur les statuts de la formation politique.&nbsp;<\/p>\n\n\n\n<p><em>\u00ab\u00a0On n&rsquo;a pas besoin d&rsquo;un congr\u00e8s (&#8230;) Il est candidat. Sa candidature est d\u00e9j\u00e0 valid\u00e9e par les textes de base du parti\u00a0\u00bb,&nbsp;<\/em>a ajout\u00e9 celui qui&nbsp;est aussi ministre d&rsquo;\u00c9tat et ministre de l&rsquo;Enseignement sup\u00e9rieur, alors que Paul Biya ne s&rsquo;est toujours pas officiellement d\u00e9clar\u00e9 candidat \u00e0 sa r\u00e9\u00e9lection apr\u00e8s plus de 42 ans \u00e0 la t\u00eate du pays<\/p>\n\n\n\n<h2 class=\"wp-block-heading\">\u00ab\u00a0Des sir\u00e8nes du chaos\u00a0\u00bb<\/h2>\n\n\n\n<p><em>\u00ab\u00a0Je puis vous assurer que ma d\u00e9termination \u00e0 vous&nbsp;servir demeure intacte\u00a0\u00bb, avait juste d\u00e9clar\u00e9 le pr\u00e9sident camerounais en d\u00e9cembre. En f\u00e9vrier, il demandait \u00e0 ses concitoyens de \u00ab\u00a0ne pas pr\u00eater l&rsquo;oreille aux sir\u00e8nes du chaos que font retentir certains irresponsables\u00a0\u00bb.<\/em><\/p>\n\n\n\n<blockquote class=\"wp-block-quote is-layout-flow wp-block-quote-is-layout-flow\">\n<p>\u00ab\u00a0Il est ma\u00eetre du temps, de son temps, du temps pr\u00e9sidentiel. Il fera sa candidature par le canal qu&rsquo;il jugera le plus opportun\u00a0\u00bb.<\/p>\n\n\n\n<p>Fame Ndongo, le porte-parole du RDPC<\/p>\n<\/blockquote>\n\n\n\n<p>Sur&nbsp;la m\u00eame radio, le ministre de la Communication Ren\u00e9-Emmanuel Sadi s&rsquo;est voulu moins cat\u00e9gorique un jour plus t\u00f4t:<em>&nbsp;\u00ab\u00a0C&rsquo;est du 50\/50\u00a0\u00bb,<\/em>&nbsp;avait-il affirm\u00e9 lundi 7 juillet,<em>&nbsp;\u00ab\u00a0regrettant\u00a0\u00bb&nbsp;<\/em>les&nbsp;deux d\u00e9fections,&nbsp;<em>\u00ab\u00a0et non des moindres\u00a0\u00bb<\/em>, en moins d&rsquo;une semaine dans les rangs du pr\u00e9sident.<\/p>\n\n\n\n<p>Une diff\u00e9rence de point de vue? \u00ab\u00a0C&rsquo;est le gouvernement, moi je vous donne la position du parti\u00a0\u00bb, a r\u00e9pondu&nbsp;Jacques Fame Ndongo sur RFI, assurant qu'\u00a0\u00bbil n&rsquo;y a aucune cacophonie au sein du pouvoir camerounais\u00a0\u00bb et assurant que&nbsp;<em>\u00ab\u00a0la solidarit\u00e9 gouvernementale existe bel et bien\u00a0\u00bb.<\/em><\/p>\n\n\n\n<h2 class=\"wp-block-heading\">Issa Tchiroma et Bouba Ma\u00efgari dans la course<\/h2>\n\n\n\n<p>Issa Tchiroma Bakary, ministre charg\u00e9 de l&rsquo;Emploi et de la Formation professionnelle, a quitt\u00e9 le gouvernement avant de se d\u00e9clarer candidat \u00e0 la pr\u00e9sidentielle dans la foul\u00e9e sous la banni\u00e8re de son parti, le Front pour le salut national du Cameroun (FSNC).<\/p>\n\n\n\n<p>Il a \u00e9t\u00e9 remplac\u00e9 au gouvernement via un simple communiqu\u00e9 indiquant que le pr\u00e9sident Biya a fait d\u00e9signer un ministre pour&nbsp;<em>\u00ab\u00a0assurer la continuit\u00e9 du service public\u00a0\u00bb.&nbsp;<\/em>Nulle mention de la d\u00e9mission.<\/p>\n\n\n\n<p>Deux jours plus tard, un ministre d\u2019\u00c9tat, Bello Bouba Ma\u00efgari, ancien Premier ministre, a d\u00e9clar\u00e9 \u00e0 son tour sa candidature. Responsable de l&rsquo;Union nationale pour la d\u00e9mocratie et le progr\u00e8s (UNDP), un parti alli\u00e9 \u00e0 Paul Biya, il faisait figure d&rsquo;alli\u00e9 historique depuis pr\u00e8s de 30 ans.<\/p>\n\n\n\n<h2 class=\"wp-block-heading\">\u00ab\u00a0Il n&rsquo;y a rien de nouveau\u00a0\u00bb<\/h2>\n\n\n\n<p>En r\u00e9action, Fame Ndongo avait clam\u00e9 lundi 7 juillet en une du quotidien gouvernemental Cameroun Tribune qu&rsquo;<em>\u00ab\u00a0il n&rsquo;y a rien de nouveau\u00a0\u00bb.&nbsp;<\/em>Selon lui, Paul Biya aurait m\u00eame \u00ab\u00a0d\u00e9cod\u00e9, depuis belle lurette, les signes pr\u00e9monitoires de ces d\u00e9parts qui participent du jeu politique classique, dans une d\u00e9mocratie lib\u00e9rale et avanc\u00e9e\u00a0\u00bb.<\/p>\n\n\n\n<p>Les deux n\u00e9o-candidats, tous deux bient\u00f4t octog\u00e9naires, ont certes d\u00e9j\u00e0 affront\u00e9 \u00e0 la pr\u00e9sidentielle Paul Biya. Mais c&rsquo;\u00e9tait il y a plus de 30 ans, lors du scrutin de 1992.<\/p>\n\n\n\n<p>Issa Tchiroma Tchiroma sortait alors fra\u00eechement de prison et Bello Bouba Ma\u00efgari revenait d&rsquo;exil. Mais apr\u00e8s leur d\u00e9faite, les deux barons, originaires du nord du pays traditionnellement acquis au r\u00e9gime, s&rsquo;\u00e9taient rang\u00e9s derri\u00e8re le pr\u00e9sident Biya.<\/p>\n\n\n\n<h2 class=\"wp-block-heading\">\u00ab\u00a0Les populations du nord croupissent dans la mis\u00e8re\u00a0\u00bb<\/h2>\n\n\n\n<p>Selon le professeur S\u00e9verin Tchokonte, de l&rsquo;universit\u00e9 de Garoua (nord), interrog\u00e9 par l&rsquo;AFP,&nbsp;<em>\u00ab\u00a0les populations du nord croupissent dans la mis\u00e8re et une paup\u00e9risation insoutenable. Soutenir le r\u00e9gime pendant autant de temps signifierait trahir ces populations qui n&rsquo;ont pas d&rsquo;eau, pas d&rsquo;\u00e9lectricit\u00e9, pas d&rsquo;infrastructures de bien-\u00eatre minimal\u00a0\u00bb<\/em>. Ainsi, Yaya Sa\u00efdou Ma\u00efdadi, secr\u00e9taire \u00e0 la communication de l&rsquo;UNDP, assure que<em>&nbsp;\u00ab\u00a0c&rsquo;est la volont\u00e9 de la base de voir le pr\u00e9sident Bello Ma\u00efgari\u00a0\u00bb&nbsp;<\/em>se repr\u00e9senter\u00a0\u00bb.<\/p>\n\n\n\n<p>Plus direct, Issa Tchiroma tance un gouvernement incapable de r\u00e9pondre aux aspirations populaires.&nbsp;<em>\u00ab\u00a0Certes, on n&rsquo;a pas pu vous sortir de la mis\u00e8re hier, mais aujourd&rsquo;hui si on s&rsquo;unit (&#8230;) on peut le faire\u00a0\u00bb<\/em>, affirmait-il mi-juin durant un rassemblement \u00e0 Garoua.<\/p>\n\n\n\n<h2 class=\"wp-block-heading\">Des \u00ab\u00a0rumeurs\u00a0\u00bb sur la sant\u00e9 du pr\u00e9sident&nbsp;<\/h2>\n\n\n\n<p>En 2018, seuls 3,5 des 6,6 millions d&rsquo;inscrits ont pris part \u00e0 la pr\u00e9sidentielle, selon des chiffres de l&rsquo;universit\u00e9 de Bordeaux. Et l&rsquo;\u00e9lection avait \u00e9t\u00e9 \u00e9maill\u00e9e de violences. Jusqu&rsquo;alors, le pouvoir reposait sur un consensus entre le RDPC et ses alli\u00e9s. Mais aujourd&rsquo;hui, les conditions \u00e9conomiques dramatiques pourraient mobiliser les \u00e9lecteurs camerounais.&nbsp;<\/p>\n\n\n\n<p>Par ailleurs, Issa Tchiroma \u00e9voque publiquement une possible non-candidature de Paul Biya, dont les&nbsp;<em>\u00ab\u00a0rumeurs\u00a0\u00bb&nbsp;<\/em>sur la sant\u00e9 chancelante se multiplient alors que ses apparitions publiques se rar\u00e9fient.&nbsp;<\/p>\n\n\n\n<p>En revanche, dans les d\u00e9bats politiques sur les antennes des radios et t\u00e9l\u00e9visions, les deux pr\u00e9tendants se font taxer de marionnettes, accus\u00e9s de saper les chances de l&rsquo;opposition, dont celles de Maurice Kamto, un opposant en vue du Mouvement pour la renaissance du Cameroun (MRC).<\/p>\n\n\n\n<p><em>\u00ab\u00a0MM. Ma\u00efgari et Tchiroma sont avec le RDPC depuis longtemps. Ils peuvent \u00eatre dans une logique d&rsquo;\u00e9miettement et d&rsquo;affaiblissement de l&rsquo;opposition, afin de contenir la mont\u00e9e en puissance du MRC de Maurice Kamto (&#8230;). Si le MRC engrange des voix dans le nord, les choses peuvent basculer<\/em>\u00ab\u00a0, estime le professeur Tchokonte.<\/p>\n\n\n\n<p>Les int\u00e9ress\u00e9s s&rsquo;en d\u00e9fendent. Pour r\u00e9ussir leur retour vers l&rsquo;opposition, ils devront tenir compte de la volont\u00e9 de changement qui se manifeste chaque jour au Cameroun, notamment sur les r\u00e9seaux sociaux.&nbsp;<\/p>\n\n\n\n<p>De son c\u00f4t\u00e9, le groupe des Partisans du changement du Grand Nord souhaite \u00ab\u00a0f\u00e9d\u00e9rer toutes les \u00e9nergies susceptibles de permettre au Cameroun de tourner la page\u00a0\u00bb&nbsp;des 43 ans du r\u00e9gime Biya.<\/p>\n\n\n\n<p>SOURCE TV5 &#8211; AVEC AFP<\/p>\n","protected":false},"excerpt":{"rendered":"<p>De premi\u00e8res divergences apparaissent au sein du pouvoir camerounais dirig\u00e9 de main de fer par Paul Biya depuis plus de<\/p>\n","protected":false},"author":1,"featured_media":59327,"comment_status":"open","ping_status":"open","sticky":false,"template":"","format":"standard","meta":{"footnotes":""},"categories":[6],"tags":[],"class_list":["post-59546","post","type-post","status-publish","format-standard","has-post-thumbnail","hentry","category-politics"],"_links":{"self":[{"href":"https:\/\/dekkbi.com\/index.php?rest_route=\/wp\/v2\/posts\/59546","targetHints":{"allow":["GET"]}}],"collection":[{"href":"https:\/\/dekkbi.com\/index.php?rest_route=\/wp\/v2\/posts"}],"about":[{"href":"https:\/\/dekkbi.com\/index.php?rest_route=\/wp\/v2\/types\/post"}],"author":[{"embeddable":true,"href":"https:\/\/dekkbi.com\/index.php?rest_route=\/wp\/v2\/users\/1"}],"replies":[{"embeddable":true,"href":"https:\/\/dekkbi.com\/index.php?rest_route=%2Fwp%2Fv2%2Fcomments&post=59546"}],"version-history":[{"count":2,"href":"https:\/\/dekkbi.com\/index.php?rest_route=\/wp\/v2\/posts\/59546\/revisions"}],"predecessor-version":[{"id":59548,"href":"https:\/\/dekkbi.com\/index.php?rest_route=\/wp\/v2\/posts\/59546\/revisions\/59548"}],"wp:featuredmedia":[{"embeddable":true,"href":"https:\/\/dekkbi.com\/index.php?rest_route=\/wp\/v2\/media\/59327"}],"wp:attachment":[{"href":"https:\/\/dekkbi.com\/index.php?rest_route=%2Fwp%2Fv2%2Fmedia&parent=59546"}],"wp:term":[{"taxonomy":"category","embeddable":true,"href":"https:\/\/dekkbi.com\/index.php?rest_route=%2Fwp%2Fv2%2Fcategories&post=59546"},{"taxonomy":"post_tag","embeddable":true,"href":"https:\/\/dekkbi.com\/index.php?rest_route=%2Fwp%2Fv2%2Ftags&post=59546"}],"curies":[{"name":"wp","href":"https:\/\/api.w.org\/{rel}","templated":true}]}}