{"id":59525,"date":"2025-07-09T10:25:23","date_gmt":"2025-07-09T10:25:23","guid":{"rendered":"https:\/\/dekkbi.com\/?p=59525"},"modified":"2025-07-09T10:25:25","modified_gmt":"2025-07-09T10:25:25","slug":"multilinguisme-et-diversite-a-lecole-des-experts-posent-le-debat","status":"publish","type":"post","link":"https:\/\/dekkbi.com\/?p=59525","title":{"rendered":"Multilinguisme et diversit\u00e9 \u00e0 l\u2019\u00e9cole : des experts posent le d\u00e9bat"},"content":{"rendered":"\n<p>Depuis hier, mardi 8 juillet, des d\u00e9cideurs, des acteurs de l\u2019\u00e9ducation et des experts se r\u00e9unissent \u00e0 Dakar pour r\u00e9fl\u00e9chir sur les politiques linguistiques \u00e9ducatives. C\u2019est dans le cadre du Colloque international \u00ab&nbsp;Multilinguisme et diversit\u00e9 \u00e0 l\u2019\u00e9cole&nbsp;\u00bb organis\u00e9 par l\u2019Institut de la Francophonie pour l\u2019\u00e9ducation et la formation (IFEF) et ses partenaires. Il s\u2019inscrit dans la continuit\u00e9 des actions men\u00e9es pour promouvoir un enseignement biplurilingue de qualit\u00e9, en phase avec les contextes locaux et les besoins des apprenants. Pr\u00e9sidant la c\u00e9r\u00e9monie d\u2019ouverture, le ministre de l\u2019Education nationale Moustapha Guirassy a indiqu\u00e9 que \u00ab&nbsp;la question linguistique est essentielle pour l\u2019endog\u00e9n\u00e9isation de l\u2019\u00e9ducation&nbsp;\u00bb. Il a ainsi invit\u00e9 \u00ab&nbsp;les chercheurs, r\u00e9unis \u00e0 ce colloque et ailleurs, \u00e0 ancrer leurs travaux dans les r\u00e9alit\u00e9s contextuelles&nbsp;\u00bb.<\/p>\n\n\n\n<p>Pour sa part, le repr\u00e9sentant du Bureau r\u00e9gional de l\u2019UNESCO \u00e0 Dakar, Guillaume Husson a fait savoir que \u00ab&nbsp;lorsqu\u2019un&nbsp; enfant commence l\u2019\u00e9cole dans sa langue maternelle, il a de tr\u00e8s bons r\u00e9sultats pour le reste de son cursus scolaire y compris dans la maitrise des langues qui lui sont \u00e9trang\u00e8res lorsqu\u2019il est petit&nbsp;\u00bb. Durant trois jours, les \u00e9changes vont porter sur les enjeux et les perspectives du multilinguisme et de la diversit\u00e9 en milieu scolaire. Histoire de faire progresser l\u2019enseignement bi-plurilingue. \u00ab&nbsp;En ces temps de profonds bouleversements, il est primordial de renforcer les synergies d\u2019action et de nous mobiliser autour des enjeux actuels du secteur de l\u2019\u00e9ducation&nbsp;\u00bb, dira la Directrice de l\u2019IFEF, Mona Laroussi.<\/p>\n\n\n\n<p>\u00c0 l\u2019occasion du Colloque international \u00ab&nbsp;Multilinguisme et diversit\u00e9 \u00e0 l\u2019\u00e9cole&nbsp;\u00bb,&nbsp; les premiers r\u00e9sultats des projets de recherche -action conduits au Benin, S\u00e9n\u00e9gal, Cameroun entre autres pays seront partag\u00e9s.<\/p>\n\n\n\n<p><strong>M DJIGO<\/strong><br><\/p>\n","protected":false},"excerpt":{"rendered":"<p>Depuis hier, mardi 8 juillet, des d\u00e9cideurs, des acteurs de l\u2019\u00e9ducation et des experts se r\u00e9unissent \u00e0 Dakar pour r\u00e9fl\u00e9chir<\/p>\n","protected":false},"author":1,"featured_media":59526,"comment_status":"open","ping_status":"open","sticky":false,"template":"","format":"standard","meta":{"footnotes":""},"categories":[21],"tags":[],"class_list":["post-59525","post","type-post","status-publish","format-standard","has-post-thumbnail","hentry","category-societe"],"_links":{"self":[{"href":"https:\/\/dekkbi.com\/index.php?rest_route=\/wp\/v2\/posts\/59525","targetHints":{"allow":["GET"]}}],"collection":[{"href":"https:\/\/dekkbi.com\/index.php?rest_route=\/wp\/v2\/posts"}],"about":[{"href":"https:\/\/dekkbi.com\/index.php?rest_route=\/wp\/v2\/types\/post"}],"author":[{"embeddable":true,"href":"https:\/\/dekkbi.com\/index.php?rest_route=\/wp\/v2\/users\/1"}],"replies":[{"embeddable":true,"href":"https:\/\/dekkbi.com\/index.php?rest_route=%2Fwp%2Fv2%2Fcomments&post=59525"}],"version-history":[{"count":1,"href":"https:\/\/dekkbi.com\/index.php?rest_route=\/wp\/v2\/posts\/59525\/revisions"}],"predecessor-version":[{"id":59527,"href":"https:\/\/dekkbi.com\/index.php?rest_route=\/wp\/v2\/posts\/59525\/revisions\/59527"}],"wp:featuredmedia":[{"embeddable":true,"href":"https:\/\/dekkbi.com\/index.php?rest_route=\/wp\/v2\/media\/59526"}],"wp:attachment":[{"href":"https:\/\/dekkbi.com\/index.php?rest_route=%2Fwp%2Fv2%2Fmedia&parent=59525"}],"wp:term":[{"taxonomy":"category","embeddable":true,"href":"https:\/\/dekkbi.com\/index.php?rest_route=%2Fwp%2Fv2%2Fcategories&post=59525"},{"taxonomy":"post_tag","embeddable":true,"href":"https:\/\/dekkbi.com\/index.php?rest_route=%2Fwp%2Fv2%2Ftags&post=59525"}],"curies":[{"name":"wp","href":"https:\/\/api.w.org\/{rel}","templated":true}]}}