{"id":59511,"date":"2025-07-09T09:37:41","date_gmt":"2025-07-09T09:37:41","guid":{"rendered":"https:\/\/dekkbi.com\/?p=59511"},"modified":"2025-07-09T09:37:42","modified_gmt":"2025-07-09T09:37:42","slug":"assainissement-urbain-inclusif-des-avancees-notables-enregistres-au-senegal-directeur","status":"publish","type":"post","link":"https:\/\/dekkbi.com\/?p=59511","title":{"rendered":"Assainissement urbain inclusif : des avanc\u00e9es notables enregistr\u00e9s au S\u00e9n\u00e9gal (directeur)"},"content":{"rendered":"\n<p>Dakar, (APS) \u2013 Le directeur de l\u2019assainissement, Omar S\u00e8ne, a salu\u00e9, mardi \u00e0 Dakar, les progr\u00e8s \u2018\u2019satisfaisants \u2018\u2019 enregistr\u00e9s au S\u00e9n\u00e9gal dans la mise en \u0153uvre du projet \u2018\u2019Promouvoir l\u2019assainissement urbain inclusif gr\u00e2ce \u00e0 la r\u00e9silience climatique en Afrique de l\u2019Ouest\u2018\u2019, tout en insistant sur l\u2019importance de l\u2019int\u00e9gration de ses r\u00e9sultats dans la troisi\u00e8me g\u00e9n\u00e9ration de la Contribution d\u00e9termin\u00e9e au niveau national (CDN 3.0).<\/p>\n\n\n\n<p>\u2018\u2019Il y a un avancement assez satisfaisant de ce projet au S\u00e9n\u00e9gal. Entre les deux derni\u00e8res sessions du comit\u00e9 technique, plusieurs activit\u00e9s ont \u00e9t\u00e9 r\u00e9alis\u00e9es, notamment des sessions de renforcement de capacit\u00e9s des parties prenantes, y compris les journalistes, et une \u00e9tude dont le rapport final est en cours de restitution \u2018\u2019, a-t-il d\u00e9clar\u00e9 en marge de la quatri\u00e8me session ordinaire du comit\u00e9 technique et&nbsp; formation sur les enjeux de la CDN.<\/p>\n\n\n\n<p>Cette rencontre entre dans la cadre de la mise en \u0153uvre de la deuxi\u00e8me phase du projet \u2018\u2019Promouvoir l\u2019assainissement urbain inclusif gr\u00e2ce \u00e0 la r\u00e9silience climatique en Afrique de l\u2019Ouest\u2018\u2019. Lanc\u00e9 officiellement, le 26 octobre 2023 \u00e0 Dakar, ce projet est mis en \u0153uvre au S\u00e9n\u00e9gal par Global Green Growth Institute (GGGI) en partenariat avec le gouvernement du S\u00e9n\u00e9gal.&nbsp;<\/p>\n\n\n\n<p>Cette session vise \u00e0 faire le point sur l\u2019\u00e9tat d\u2019avancement du projet, \u00e9valuer les indicateurs de suivi et valider le rapport final de l\u2019\u00e9tude sur la strat\u00e9gie de mise en \u0153uvre de la Contribution d\u00e9termin\u00e9e au niveau national (CDN) pour le secteur des d\u00e9chets liquides au S\u00e9n\u00e9gal.<\/p>\n\n\n\n<p>Le comit\u00e9 technique, qui regroupe les principales parties prenantes du projet, a pour mission de valider les plans de travail, suivre les livrables et contribuer \u00e0 la mobilisation des d\u00e9cideurs, \u00e0 la diss\u00e9mination des r\u00e9sultats et \u00e0 l\u2019am\u00e9lioration de la performance globale du projet.<\/p>\n\n\n\n<p>Ce projet, qui s\u2019inscrit dans les efforts nationaux d\u2019adaptation au changement climatique, ambitionne de renforcer la r\u00e9silience des syst\u00e8mes d\u2019assainissement urbain tout en contribuant \u00e0 la r\u00e9duction des \u00e9missions de gaz \u00e0 effet de serre.<\/p>\n\n\n\n<p>M. S\u00e8ne a indiqu\u00e9 que ce projet \u00e0 dimension sous r\u00e9gionale est \u00e9galement mis en \u0153uvre, outre le S\u00e9n\u00e9gal, au Burkina Faso et en C\u00f4te d\u2019Ivoire. \u201dIl a permis de formuler des recommandations pertinentes. Celles-ci visent \u00e0 garantir une meilleure prise en compte de l\u2019assainissement dans la CDN 3.0 en cours d\u2019\u00e9laboration par le minist\u00e8re de l\u2019Environnement\u201d, a-t-il soulign\u00e9.<\/p>\n\n\n\n<p>\u201dPar le pass\u00e9, l\u2019assainissement figurait d\u00e9j\u00e0 dans la CDN, mais il n\u2019\u00e9tait pas suffisamment valoris\u00e9. Aujourd\u2019hui, nous sommes sur la bonne voie pour assurer une int\u00e9gration satisfaisante de ce secteur essentiel \u2018\u2019, a assur\u00e9 M. S\u00e8ne.<\/p>\n\n\n\n<p>Concernant le financement des actions pr\u00e9vues, il a \u00e9voqu\u00e9 plusieurs pistes, notamment les m\u00e9canismes de financement climatique, les cr\u00e9dits carbone, l\u2019appui de l\u2019\u00c9tat du S\u00e9n\u00e9gal et ceux des partenaires techniques et financiers.<\/p>\n\n\n\n<p>Le directeur de l\u2019assainissement a \u00e9galement soulign\u00e9 l\u2019existence d\u2019un syst\u00e8me de suivi performant au sein du minist\u00e8re de l\u2019Hydraulique et de l\u2019Assainissement, visant \u00e0 int\u00e9grer efficacement le m\u00e9canisme MRV (Mesure, Reporting, V\u00e9rification) propos\u00e9 dans le cadre du projet.<\/p>\n\n\n\n<p>\u201dCe syst\u00e8me sera adoss\u00e9 \u00e0 la cellule de planification, de coordination et de suivi, dot\u00e9e d\u2019outils informatiques pour assurer le suivi rigoureux des projets\u201d, a-t-il indiqu\u00e9.<\/p>\n\n\n\n<p>Une vingtaine de structures \u00e9tatiques, acad\u00e9miques et de la soci\u00e9t\u00e9 civile ont pris part ce mardi \u00e0 l\u2019ouverture des travaux. Ils seront suivis, mercredi, d\u2019une session de formation sur les d\u00e9fis li\u00e9s \u00e0 l\u2019int\u00e9gration et \u00e0 la mise en \u0153uvre de la CDN dans le secteur des d\u00e9chets liquides.<\/p>\n\n\n\n<p>L\u2019importance d\u2019un syst\u00e8me MRV pour assurer un suivi efficace sera \u00e9galement au c\u0153ur des discussions de cette rencontre.<\/p>\n\n\n\n<p>La CDN est un document politique qui d\u00e9finit les efforts d\u00e9ploy\u00e9s par chaque pays pour r\u00e9duire ses \u00e9missions de gaz, s\u2019adapter aux impacts du changement climatique et contribuer \u00e0 l\u2019objectif mondial de limiter la hausse des temp\u00e9ratures \u00e0 1,5\u00b0C.<\/p>\n\n\n\n<p>Il est un instrument fondamental \u00e0 maitriser par tous les secteurs, particuli\u00e8rement celui de l\u2019assainissement.<\/p>\n\n\n\n<p>Les r\u00e9sultats de ce projet devraient am\u00e9liorer l\u2019attractivit\u00e9 du secteur de l\u2019assainissement pour la finance climatique.<\/p>\n\n\n\n<p>AN\/AB\/ASG<\/p>\n","protected":false},"excerpt":{"rendered":"<p>Dakar, (APS) \u2013 Le directeur de l\u2019assainissement, Omar S\u00e8ne, a salu\u00e9, mardi \u00e0 Dakar, les progr\u00e8s \u2018\u2019satisfaisants \u2018\u2019 enregistr\u00e9s au<\/p>\n","protected":false},"author":1,"featured_media":59512,"comment_status":"open","ping_status":"open","sticky":false,"template":"","format":"standard","meta":{"footnotes":""},"categories":[21],"tags":[],"class_list":["post-59511","post","type-post","status-publish","format-standard","has-post-thumbnail","hentry","category-societe"],"_links":{"self":[{"href":"https:\/\/dekkbi.com\/index.php?rest_route=\/wp\/v2\/posts\/59511","targetHints":{"allow":["GET"]}}],"collection":[{"href":"https:\/\/dekkbi.com\/index.php?rest_route=\/wp\/v2\/posts"}],"about":[{"href":"https:\/\/dekkbi.com\/index.php?rest_route=\/wp\/v2\/types\/post"}],"author":[{"embeddable":true,"href":"https:\/\/dekkbi.com\/index.php?rest_route=\/wp\/v2\/users\/1"}],"replies":[{"embeddable":true,"href":"https:\/\/dekkbi.com\/index.php?rest_route=%2Fwp%2Fv2%2Fcomments&post=59511"}],"version-history":[{"count":1,"href":"https:\/\/dekkbi.com\/index.php?rest_route=\/wp\/v2\/posts\/59511\/revisions"}],"predecessor-version":[{"id":59513,"href":"https:\/\/dekkbi.com\/index.php?rest_route=\/wp\/v2\/posts\/59511\/revisions\/59513"}],"wp:featuredmedia":[{"embeddable":true,"href":"https:\/\/dekkbi.com\/index.php?rest_route=\/wp\/v2\/media\/59512"}],"wp:attachment":[{"href":"https:\/\/dekkbi.com\/index.php?rest_route=%2Fwp%2Fv2%2Fmedia&parent=59511"}],"wp:term":[{"taxonomy":"category","embeddable":true,"href":"https:\/\/dekkbi.com\/index.php?rest_route=%2Fwp%2Fv2%2Fcategories&post=59511"},{"taxonomy":"post_tag","embeddable":true,"href":"https:\/\/dekkbi.com\/index.php?rest_route=%2Fwp%2Fv2%2Ftags&post=59511"}],"curies":[{"name":"wp","href":"https:\/\/api.w.org\/{rel}","templated":true}]}}