{"id":59508,"date":"2025-07-09T09:32:40","date_gmt":"2025-07-09T09:32:40","guid":{"rendered":"https:\/\/dekkbi.com\/?p=59508"},"modified":"2025-07-09T09:32:41","modified_gmt":"2025-07-09T09:32:41","slug":"congres-sur-la-recherche-interculturelle-dakar-carrefour-de-savoirs","status":"publish","type":"post","link":"https:\/\/dekkbi.com\/?p=59508","title":{"rendered":"Congr\u00e8s sur la recherche interculturelle: Dakar, carrefour de savoirs"},"content":{"rendered":"\n<p><strong>La 20e \u00e9dition de l\u2019Association internationale pour la recherche interculturelle (Aric) s\u2019est ouverte hier au Th\u00e9\u00e2tre national Daniel Sorano, en pr\u00e9sence de 227 participants venus d\u2019Afrique et d\u2019ailleurs. Une rencontre de quatre jours, organis\u00e9e en partenariat avec l\u2019Universit\u00e9 Cheikh Anta Diop, pour explorer l\u2019interculturel entre traditions, h\u00e9ritages, modernit\u00e9s et circulations.<\/strong><\/p>\n\n\n\n<p>Du 8 au 11 juillet 2025, Dakar accueille le monde de la recherche interculturelle. Le Th\u00e9\u00e2tre national Daniel Sorano, lieu symbolique de rencontres artistiques et intellectuelles, sert d\u2019\u00e9crin \u00e0 la 20e \u00e9dition du congr\u00e8s de l\u2019Association internationale pour la recherche interculturelle (Aric). Organis\u00e9e en partenariat avec la Facult\u00e9 des Lettres et Sciences humaines de l\u2019Universit\u00e9 Cheikh Anta Diop (Ucad), cette rencontre acad\u00e9mique r\u00e9unit 227 participants autour d\u2019un th\u00e8me majeur : \u00ab\u202fL\u2019interculturel : entre traditions, h\u00e9ritages, modernit\u00e9s et circulations\u202f\u00bb.<\/p>\n\n\n\n<p>Durant quatre jours, plus de 35 sessions et 15 symposiums rythmeront les \u00e9changes entre chercheurs, doctorants, professionnels et praticiens issus de diverses disciplines. Psychologie, histoire, g\u00e9ographie, communication, philosophie, linguistique ou encore \u00e9tudes f\u00e9minines et \u00e9tudes du handicap.<\/p>\n\n\n\n<p><strong>Dakar, lieu-symbole du dialogue interculturel<\/strong><\/p>\n\n\n\n<p>\u00ab\u2009Ce congr\u00e8s n\u2019est pas qu\u2019un lieu de r\u00e9flexion th\u00e9orique, mais aussi un espace de construction d\u2019actions concr\u00e8tes\u2009\u00bb, a rappel\u00e9 Rachid Oulahal, pr\u00e9sident de l\u2019association, lors de la c\u00e9r\u00e9monie d\u2019ouverture. \u00c0 l\u2019en croire, l\u2019Aric, fond\u00e9e en 1986, organise un congr\u00e8s tous les deux ans afin de croiser les regards scientifiques et professionnels sur les enjeux contemporains de l\u2019interculturalit\u00e9. Les travaux pr\u00e9sent\u00e9s donneront lieu \u00e0 des publications scientifiques, mais aussi, ambitionne l\u2019association, \u00e0 la mise en \u0153uvre de dispositifs favorisant une meilleure compr\u00e9hension entre cultures. Un double objectif revendiqu\u00e9 : produire de la connaissance et inspirer des pratiques. \u00ab\u2009Les professionnels pr\u00e9sents participent justement \u00e0 cette volont\u00e9 de rendre op\u00e9rationnelles certaines propositions issues des d\u00e9bats\u2009\u00bb, a ajout\u00e9 l\u2019enseignant-chercheur en psychologie interculturelle.<\/p>\n\n\n\n<p>Le choix de Dakar n\u2019est pas anodin. Ville de croisement, situ\u00e9e \u00e0 la pointe occidentale du continent africain, la capitale s\u00e9n\u00e9galaise a toujours \u00e9t\u00e9 un lieu de brassage, de dialogue et de m\u00e9moire. Le secr\u00e9taire d\u2019\u00c9tat \u00e0 la Culture, aux industries cr\u00e9atives et au patrimoine historique, Bakary Sarr, qui pr\u00e9sidait la c\u00e9r\u00e9monie d\u2019ouverture, a salu\u00e9 cette symbolique forte qui entre dans le cadre de la Vision S\u00e9n\u00e9gal 2050. \u00ab\u2009Dakar est le lieu de rencontre des vents du monde entier, une ville qui a accueilli toutes les sommit\u00e9s \u00e9prises de libert\u00e9\u2009\u00bb, a-t-il d\u00e9clar\u00e9.<\/p>\n\n\n\n<p>Pour lui, l\u2019interculturel est une voie incontournable vers un avenir apais\u00e9 : \u00ab\u202f\u00c9tudier, enseigner et promouvoir la culture de l\u2019autre est un imp\u00e9ratif si nous voulons taire les divergences qui minent la paix. Nous avons le devoir de l\u00e9guer aux g\u00e9n\u00e9rations futures un monde en partage, fond\u00e9 sur le respect, la fraternit\u00e9 et l\u2019amour.\u202f\u00bb<\/p>\n\n\n\n<p><strong>L\u2019interculturel comme p\u00e9dagogie de la paix<\/strong><\/p>\n\n\n\n<p>Dans son adresse aux chercheurs, doctorants et professionnels pr\u00e9sents, M. Sarr a soulign\u00e9 l\u2019importance d\u2019un engagement collectif \u00e0 faire de la diversit\u00e9 un levier d\u2019harmonie et non de tension.<\/p>\n\n\n\n<p>Un id\u00e9al qui fait \u00e9cho \u00e0 la pens\u00e9e de L\u00e9opold S\u00e9dar Senghor, dont l\u2019influence impr\u00e8gne encore les politiques culturelles du pays. Le fondateur de la N\u00e9gritude d\u00e9fendait un humanisme de l\u2019ouverture, o\u00f9 \u00ab\u202fl\u2019enracinement dans ses propres valeurs allait de pair avec l\u2019ouverture \u00e0 l\u2019universel\u202f\u00bb.<\/p>\n\n\n\n<p>Pour le professeur Mamadou Bouna Tim\u00e9ra, doyen par int\u00e9rim de la Facult\u00e9 des Lettres et Sciences humaines de l\u2019Ucad, l\u2019interculturel n\u2019est pas une simple notion acad\u00e9mique, mais bien une p\u00e9dagogie : \u00ab\u202fUne p\u00e9dagogie de la tol\u00e9rance, de la diversit\u00e9 et de la paix\u202f\u00bb, a-t-il insist\u00e9. Et, cette rencontre, a-t-il soulign\u00e9, est l\u2019occasion de repenser les postures intellectuelles, d\u2019articuler les apports disciplinaires dans une logique de croisement, et de promouvoir une approche d\u00e9cloisonn\u00e9e des identit\u00e9s et des interactions humaines. \u00ab\u202fC\u2019est en assumant nos individualit\u00e9s que nous pouvons construire un \u00e9quilibre collectif\u202f\u00bb, a-t-il ajout\u00e9, insistant sur l\u2019importance de l\u2019acceptation de l\u2019autre dans sa diff\u00e9rence.<\/p>\n\n\n\n<p>Au-del\u00e0 des sessions scientifiques, le congr\u00e8s se veut donc aussi un moment d\u2019inspiration. Les participants sont invit\u00e9s \u00e0 r\u00e9fl\u00e9chir \u00e0 des solutions concr\u00e8tes pour am\u00e9liorer la rencontre entre les cultures, \u00e0 travers l\u2019\u00e9ducation, les arts, les m\u00e9dias ou encore les politiques publiques.<\/p>\n\n\n\n<p><strong>Adama NDIAYE<\/strong><\/p>\n","protected":false},"excerpt":{"rendered":"<p>La 20e \u00e9dition de l\u2019Association internationale pour la recherche interculturelle (Aric) s\u2019est ouverte hier au Th\u00e9\u00e2tre national Daniel Sorano, en<\/p>\n","protected":false},"author":1,"featured_media":59509,"comment_status":"open","ping_status":"open","sticky":false,"template":"","format":"standard","meta":{"footnotes":""},"categories":[26],"tags":[],"class_list":["post-59508","post","type-post","status-publish","format-standard","has-post-thumbnail","hentry","category-fait-divers"],"_links":{"self":[{"href":"https:\/\/dekkbi.com\/index.php?rest_route=\/wp\/v2\/posts\/59508","targetHints":{"allow":["GET"]}}],"collection":[{"href":"https:\/\/dekkbi.com\/index.php?rest_route=\/wp\/v2\/posts"}],"about":[{"href":"https:\/\/dekkbi.com\/index.php?rest_route=\/wp\/v2\/types\/post"}],"author":[{"embeddable":true,"href":"https:\/\/dekkbi.com\/index.php?rest_route=\/wp\/v2\/users\/1"}],"replies":[{"embeddable":true,"href":"https:\/\/dekkbi.com\/index.php?rest_route=%2Fwp%2Fv2%2Fcomments&post=59508"}],"version-history":[{"count":1,"href":"https:\/\/dekkbi.com\/index.php?rest_route=\/wp\/v2\/posts\/59508\/revisions"}],"predecessor-version":[{"id":59510,"href":"https:\/\/dekkbi.com\/index.php?rest_route=\/wp\/v2\/posts\/59508\/revisions\/59510"}],"wp:featuredmedia":[{"embeddable":true,"href":"https:\/\/dekkbi.com\/index.php?rest_route=\/wp\/v2\/media\/59509"}],"wp:attachment":[{"href":"https:\/\/dekkbi.com\/index.php?rest_route=%2Fwp%2Fv2%2Fmedia&parent=59508"}],"wp:term":[{"taxonomy":"category","embeddable":true,"href":"https:\/\/dekkbi.com\/index.php?rest_route=%2Fwp%2Fv2%2Fcategories&post=59508"},{"taxonomy":"post_tag","embeddable":true,"href":"https:\/\/dekkbi.com\/index.php?rest_route=%2Fwp%2Fv2%2Ftags&post=59508"}],"curies":[{"name":"wp","href":"https:\/\/api.w.org\/{rel}","templated":true}]}}