{"id":59503,"date":"2025-07-09T09:23:58","date_gmt":"2025-07-09T09:23:58","guid":{"rendered":"https:\/\/dekkbi.com\/?p=59503"},"modified":"2025-07-09T09:23:59","modified_gmt":"2025-07-09T09:23:59","slug":"lutte-contre-la-migration-irreguliere-le-senegal-et-lue-renforcent-leur-cooperation","status":"publish","type":"post","link":"https:\/\/dekkbi.com\/?p=59503","title":{"rendered":"Lutte contre la migration irr\u00e9guli\u00e8re: le S\u00e9n\u00e9gal et l\u2019UE renforcent leur coop\u00e9ration"},"content":{"rendered":"\n<p><a href=\"https:\/\/lesoleil.sn\/wp-content\/uploads\/2025\/07\/Mins-interieur-et-U.-E.jpg\"><\/a><strong>Le ministre de l\u2019Int\u00e9rieur et de la S\u00e9curit\u00e9 publique, le G\u00e9n\u00e9ral de division (2s) Jean-Baptiste Tine, et l\u2019ambassadeur de l\u2019Union europ\u00e9enne au S\u00e9n\u00e9gal, M. Jean-Marc Pisani, ont copr\u00e9sid\u00e9 ce mardi 8 juillet 2025, \u00e0 Dakar, la deuxi\u00e8me r\u00e9union du Comit\u00e9 de pilotage du Programme Op\u00e9rationnel Conjoint II (POC II). Il vise \u00e0 lutter de mani\u00e8re concert\u00e9e contre la\u00a0migration irr\u00e9guli\u00e8re, le trafic de migrants et la traite des \u00eatres humains.<\/strong><\/p>\n\n\n\n<p>La c\u00e9r\u00e9monie s\u2019est d\u00e9roul\u00e9e en pr\u00e9sence de l\u2019Inspecteur G\u00e9n\u00e9ral de Police Mame Seydou Ndour, Directeur g\u00e9n\u00e9ral de la Police nationale. Les objectifs du POC II sont de renforcer les capacit\u00e9s des forces de s\u00e9curit\u00e9 dans la lutte contre le trafic de migrants et la traite des \u00eatres humains, de s\u00e9curiser les fronti\u00e8res terrestres, d\u2019assurer le secours en mer et la s\u00e9curisation de la fronti\u00e8re maritime, de prot\u00e9ger les victimes et de sensibiliser le grand public aux risques de la migration irr\u00e9guli\u00e8re et aux opportunit\u00e9s d\u2019emploi.<\/p>\n\n\n\n<p>Pour rappel, le POC II, lanc\u00e9 le 1er d\u00e9cembre 2023, s\u2019\u00e9tend jusqu\u2019au 30 mai 2028 et couvre l\u2019ensemble du territoire s\u00e9n\u00e9galais. Ce programme, financ\u00e9 par l\u2019Union europ\u00e9enne \u00e0 hauteur de pr\u00e8s de 23 milliards de FCFA (soit 34,75 millions d\u2019euros), est mis en \u0153uvre par Civipol (France), en partenariat avec la FIAP (Espagne), et une \u00e9quipe s\u00e9n\u00e9galo-europ\u00e9enne. Les partenaires cl\u00e9s du programme incluent : la Police nationale, la Gendarmerie, les Douanes, la Justice, le Comit\u00e9 Interminist\u00e9riel de Lutte contre la Migration Irr\u00e9guli\u00e8re (Cilmi) et le Comit\u00e9 national de Lutte contre la Traite des Personnes (Cnltp).<\/p>\n\n\n\n<p><strong>A.NDIAYE<\/strong><\/p>\n","protected":false},"excerpt":{"rendered":"<p>Le ministre de l\u2019Int\u00e9rieur et de la S\u00e9curit\u00e9 publique, le G\u00e9n\u00e9ral de division (2s) Jean-Baptiste Tine, et l\u2019ambassadeur de l\u2019Union<\/p>\n","protected":false},"author":1,"featured_media":59504,"comment_status":"open","ping_status":"open","sticky":false,"template":"","format":"standard","meta":{"footnotes":""},"categories":[3],"tags":[],"class_list":["post-59503","post","type-post","status-publish","format-standard","has-post-thumbnail","hentry","category-event-more-news"],"_links":{"self":[{"href":"https:\/\/dekkbi.com\/index.php?rest_route=\/wp\/v2\/posts\/59503","targetHints":{"allow":["GET"]}}],"collection":[{"href":"https:\/\/dekkbi.com\/index.php?rest_route=\/wp\/v2\/posts"}],"about":[{"href":"https:\/\/dekkbi.com\/index.php?rest_route=\/wp\/v2\/types\/post"}],"author":[{"embeddable":true,"href":"https:\/\/dekkbi.com\/index.php?rest_route=\/wp\/v2\/users\/1"}],"replies":[{"embeddable":true,"href":"https:\/\/dekkbi.com\/index.php?rest_route=%2Fwp%2Fv2%2Fcomments&post=59503"}],"version-history":[{"count":1,"href":"https:\/\/dekkbi.com\/index.php?rest_route=\/wp\/v2\/posts\/59503\/revisions"}],"predecessor-version":[{"id":59505,"href":"https:\/\/dekkbi.com\/index.php?rest_route=\/wp\/v2\/posts\/59503\/revisions\/59505"}],"wp:featuredmedia":[{"embeddable":true,"href":"https:\/\/dekkbi.com\/index.php?rest_route=\/wp\/v2\/media\/59504"}],"wp:attachment":[{"href":"https:\/\/dekkbi.com\/index.php?rest_route=%2Fwp%2Fv2%2Fmedia&parent=59503"}],"wp:term":[{"taxonomy":"category","embeddable":true,"href":"https:\/\/dekkbi.com\/index.php?rest_route=%2Fwp%2Fv2%2Fcategories&post=59503"},{"taxonomy":"post_tag","embeddable":true,"href":"https:\/\/dekkbi.com\/index.php?rest_route=%2Fwp%2Fv2%2Ftags&post=59503"}],"curies":[{"name":"wp","href":"https:\/\/api.w.org\/{rel}","templated":true}]}}