{"id":59432,"date":"2025-07-08T10:20:52","date_gmt":"2025-07-08T10:20:52","guid":{"rendered":"https:\/\/dekkbi.com\/?p=59432"},"modified":"2025-07-08T10:20:53","modified_gmt":"2025-07-08T10:20:53","slug":"energie-et-changement-climatique-la-senelec-elabore-un-plan-dadaptation-pour-un-reseau-plus-resilient","status":"publish","type":"post","link":"https:\/\/dekkbi.com\/?p=59432","title":{"rendered":"\u00c9nergie et changement climatique : La Senelec \u00e9labore un plan d\u2019adaptation pour un r\u00e9seau plus r\u00e9silient"},"content":{"rendered":"\n<p>Le DG de la Senelec, Papa Toby Gaye&nbsp; a particip\u00e9 \u00e0 un atelier de haut niveau sur la r\u00e9silience du secteur de l\u2019\u00e9lectricit\u00e9 face au changement climatique. Aux c\u00f4t\u00e9s de la Banque mondiale, Senelec a r\u00e9affirm\u00e9 son engagement pour une \u00e9nergie durable, fiable et r\u00e9siliente au S\u00e9n\u00e9gal. Le premier jour \u00e9tait consacr\u00e9 \u00e0 la pr\u00e9sentation des r\u00e9sultats de l\u2019\u00e9tude et du Plan d\u2019adaptation avant de terminer par un webinaire en format hybride sur l\u2019int\u00e9gration de la r\u00e9silience climatique dans les syst\u00e8mes \u00e9nerg\u00e9tiques. Le deuxi\u00e8me jour, en comit\u00e9 restreint, \u00e9tait consacr\u00e9 \u00e0 la mise en \u0153uvre des actions recommand\u00e9es dans le Plan d\u2019adaptation au changement&nbsp;climatique.<\/p>\n\n\n\n<p>Selon Papa Toby Gaye, DG de la Senelec, \u00ab\u00a0l&rsquo;objectif de l&rsquo;atelier \u00e9tait de savoir les vuln\u00e9rabilit\u00e9s auxquelles le r\u00e9seau fait face et quelles sont les dispositions \u00e0 prendre pour rendre le r\u00e9seau plus ing\u00e9nieux, donc nous l&rsquo;avons voulu inclusif en invitant tous les partenaires techniques, ainsi que toutes les institutions qui tournent autour de ce secteur\u00a0\u00bb. Sur ce, poursuit-il, \u00a0\u00bb les impacts, nous tous, nous l&rsquo;avons v\u00e9cu et nous en voulons comme exemple ce qui s&rsquo;est pass\u00e9 en 2022 o\u00f9 nous avons eu les inondations. Disons de fa\u00e7on&nbsp;globale, ce sont les inondations qui impactent le syst\u00e8me. Il y a \u00e9galement,&nbsp;les feux de brousse au Sud, o\u00f9 parfois ce sont les lignes qui sont affect\u00e9es, enfin il ya l&rsquo;\u00e9rosion&nbsp;c\u00f4ti\u00e8re au niveau du Cap des Biches et de fa\u00e7on global, tout changement climatique implique une adaptation \u00e0 faire et donc, c&rsquo;est l&rsquo;ensemble de ses al\u00e9as qui ont \u00e9t\u00e9 identifi\u00e9s et les plus r\u00e9currentes ont \u00e9t\u00e9 mise en exergue pour que In fine, on puisse mettre un plan d&rsquo;adaptation\u00a0\u00bb, a affirm\u00e9 le Directeur G\u00e9n\u00e9ral de la Senelec.&nbsp;<\/p>\n\n\n\n<figure class=\"wp-block-embed is-type-rich is-provider-prise-en-charge-des-contenus-embarqu-s wp-block-embed-prise-en-charge-des-contenus-embarqu-s wp-embed-aspect-16-9 wp-has-aspect-ratio\"><div class=\"wp-block-embed__wrapper\">\n<iframe loading=\"lazy\" title=\"\u00c9nergie et changement climatique: Senelec \u00e9labore un plan d\u2019adaptation pour un r\u00e9seau plus r\u00e9silient\" width=\"800\" height=\"450\" src=\"https:\/\/www.youtube.com\/embed\/KvwBSLF342M?feature=oembed\" frameborder=\"0\" allow=\"accelerometer; autoplay; clipboard-write; encrypted-media; gyroscope; picture-in-picture; web-share\" referrerpolicy=\"strict-origin-when-cross-origin\" allowfullscreen><\/iframe>\n<\/div><\/figure>\n\n\n\n<p>SOURCE DAKARACTU<\/p>\n","protected":false},"excerpt":{"rendered":"<p>Le DG de la Senelec, Papa Toby Gaye&nbsp; a particip\u00e9 \u00e0 un atelier de haut niveau sur la r\u00e9silience du<\/p>\n","protected":false},"author":1,"featured_media":51825,"comment_status":"open","ping_status":"open","sticky":false,"template":"","format":"standard","meta":{"footnotes":""},"categories":[3],"tags":[],"class_list":["post-59432","post","type-post","status-publish","format-standard","has-post-thumbnail","hentry","category-event-more-news"],"_links":{"self":[{"href":"https:\/\/dekkbi.com\/index.php?rest_route=\/wp\/v2\/posts\/59432","targetHints":{"allow":["GET"]}}],"collection":[{"href":"https:\/\/dekkbi.com\/index.php?rest_route=\/wp\/v2\/posts"}],"about":[{"href":"https:\/\/dekkbi.com\/index.php?rest_route=\/wp\/v2\/types\/post"}],"author":[{"embeddable":true,"href":"https:\/\/dekkbi.com\/index.php?rest_route=\/wp\/v2\/users\/1"}],"replies":[{"embeddable":true,"href":"https:\/\/dekkbi.com\/index.php?rest_route=%2Fwp%2Fv2%2Fcomments&post=59432"}],"version-history":[{"count":1,"href":"https:\/\/dekkbi.com\/index.php?rest_route=\/wp\/v2\/posts\/59432\/revisions"}],"predecessor-version":[{"id":59435,"href":"https:\/\/dekkbi.com\/index.php?rest_route=\/wp\/v2\/posts\/59432\/revisions\/59435"}],"wp:featuredmedia":[{"embeddable":true,"href":"https:\/\/dekkbi.com\/index.php?rest_route=\/wp\/v2\/media\/51825"}],"wp:attachment":[{"href":"https:\/\/dekkbi.com\/index.php?rest_route=%2Fwp%2Fv2%2Fmedia&parent=59432"}],"wp:term":[{"taxonomy":"category","embeddable":true,"href":"https:\/\/dekkbi.com\/index.php?rest_route=%2Fwp%2Fv2%2Fcategories&post=59432"},{"taxonomy":"post_tag","embeddable":true,"href":"https:\/\/dekkbi.com\/index.php?rest_route=%2Fwp%2Fv2%2Ftags&post=59432"}],"curies":[{"name":"wp","href":"https:\/\/api.w.org\/{rel}","templated":true}]}}