{"id":59345,"date":"2025-07-07T15:00:30","date_gmt":"2025-07-07T15:00:30","guid":{"rendered":"https:\/\/dekkbi.com\/?p=59345"},"modified":"2025-07-07T15:00:30","modified_gmt":"2025-07-07T15:00:30","slug":"rencontre-ousmane-sonko-ums-la-primature-clarifie-les-circonstances","status":"publish","type":"post","link":"https:\/\/dekkbi.com\/?p=59345","title":{"rendered":"Rencontre Ousmane Sonko \u2013 UMS : la Primature clarifie les circonstances"},"content":{"rendered":"\n<p><a href=\"https:\/\/lesoleil.sn\/wp-content\/uploads\/2025\/03\/Sonko-Koumpemtoum.jpg\"><\/a><strong>Annonc\u00e9e par certains m\u00e9dias, la rencontre entre le Premier ministre Ousmane Sonko et l\u2019Union des magistrats du S\u00e9n\u00e9gal (UMS) suscite de nombreuses interpr\u00e9tations. La Primature a tenu \u00e0 apporter des pr\u00e9cisions sur les circonstances de cette initiative.<\/strong><\/p>\n\n\n\n<p>Contrairement \u00e0 ce qui a pu \u00eatre rapport\u00e9, il ne s\u2019agissait pas d\u2019une demande formelle du chef du gouvernement, ni d\u2019une sollicitation de l\u2019UMS, mais d\u2019une d\u00e9marche personnelle de son conseiller juridique. \u00ab D\u2019embl\u00e9e, il convient de souligner que le Premier ministre n\u2019a pas \u00e9t\u00e9 demandeur d\u2019une telle rencontre. &nbsp;\u00bb explique notre interlocuteur.<\/p>\n\n\n\n<p>Cette initiative, explique-t-il, est n\u00e9e d\u2019une proposition personnelle de son conseiller juridique \u00e0 la Primature, magistrat et membre de l\u2019UMS, qui, de son propre chef, a estim\u00e9 \u00ab\u202fqu\u2019il serait utile, dans une dynamique r\u00e9publicaine, que le chef du gouvernement et chef de l\u2019administration puisse rencontrer les acteurs du secteur de la justice, et en particulier l\u2019UMS. \u00bb<\/p>\n\n\n\n<p>Selon notre interlocuteur, cette rencontre devait se tenir le mercredi 9 juillet. Le conseiller juridique a pr\u00e9sent\u00e9 sa proposition au Premier ministre, qui a marqu\u00e9 \u00ab son accord de principe \u00bb, dans l\u2019esprit d\u2019un dialogue ouvert avec toutes les composantes de la justice. Dans la foul\u00e9e, il a contact\u00e9 le pr\u00e9sident de l\u2019UMS, qui a \u00e9galement donn\u00e9 \u00ab son accord de principe, sous r\u00e9serve d\u2019\u00e9changer avec ses coll\u00e8gues \u00bb.<\/p>\n\n\n\n<p>Toutefois, lorsque cet accord du pr\u00e9sident de l\u2019UMS a \u00e9t\u00e9 soumis \u00e0 l\u2019ensemble des membres du bureau de l\u2019UMS, une bonne partie a estim\u00e9 que le moment n\u2019\u00e9tait pas opportun pour une telle rencontre. Plusieurs voix ont fait valoir \u00ab la fin de mandat du bureau actuel \u00bb et ont jug\u00e9 pr\u00e9f\u00e9rable \u00ab d\u2019attendre la prochaine assembl\u00e9e g\u00e9n\u00e9rale de l\u2019UMS pr\u00e9vue d\u2019ici septembre \u00bb, pour laisser au nouveau bureau la responsabilit\u00e9 de ce type de d\u00e9cision.<\/p>\n\n\n\n<p>Il est important de rappeler que \u00ab ni le Premier ministre, ni l\u2019UMS n\u2019ont formul\u00e9 une quelconque demande \u00bb pour une rencontre, selon la Primature. L\u2019initiative \u00e9tait strictement personnelle, et elle a \u00e9t\u00e9 port\u00e9e de \u00ab mani\u00e8re r\u00e9publicaine, sans pression ni obligation. \u00bb, ajoute-t-il. \u00ab Si l\u2019UMS estime qu\u2019il convient d\u2019attendre la mise en place de sa nouvelle \u00e9quipe dirigeante, cela rel\u00e8ve de sa pleine autonomie \u00bb, conclut la Primature.<\/p>\n\n\n\n<p><strong>C.G.D<\/strong><\/p>\n","protected":false},"excerpt":{"rendered":"<p>Annonc\u00e9e par certains m\u00e9dias, la rencontre entre le Premier ministre Ousmane Sonko et l\u2019Union des magistrats du S\u00e9n\u00e9gal (UMS) suscite<\/p>\n","protected":false},"author":1,"featured_media":59125,"comment_status":"open","ping_status":"open","sticky":false,"template":"","format":"standard","meta":{"footnotes":""},"categories":[6],"tags":[],"class_list":["post-59345","post","type-post","status-publish","format-standard","has-post-thumbnail","hentry","category-politics"],"_links":{"self":[{"href":"https:\/\/dekkbi.com\/index.php?rest_route=\/wp\/v2\/posts\/59345","targetHints":{"allow":["GET"]}}],"collection":[{"href":"https:\/\/dekkbi.com\/index.php?rest_route=\/wp\/v2\/posts"}],"about":[{"href":"https:\/\/dekkbi.com\/index.php?rest_route=\/wp\/v2\/types\/post"}],"author":[{"embeddable":true,"href":"https:\/\/dekkbi.com\/index.php?rest_route=\/wp\/v2\/users\/1"}],"replies":[{"embeddable":true,"href":"https:\/\/dekkbi.com\/index.php?rest_route=%2Fwp%2Fv2%2Fcomments&post=59345"}],"version-history":[{"count":1,"href":"https:\/\/dekkbi.com\/index.php?rest_route=\/wp\/v2\/posts\/59345\/revisions"}],"predecessor-version":[{"id":59346,"href":"https:\/\/dekkbi.com\/index.php?rest_route=\/wp\/v2\/posts\/59345\/revisions\/59346"}],"wp:featuredmedia":[{"embeddable":true,"href":"https:\/\/dekkbi.com\/index.php?rest_route=\/wp\/v2\/media\/59125"}],"wp:attachment":[{"href":"https:\/\/dekkbi.com\/index.php?rest_route=%2Fwp%2Fv2%2Fmedia&parent=59345"}],"wp:term":[{"taxonomy":"category","embeddable":true,"href":"https:\/\/dekkbi.com\/index.php?rest_route=%2Fwp%2Fv2%2Fcategories&post=59345"},{"taxonomy":"post_tag","embeddable":true,"href":"https:\/\/dekkbi.com\/index.php?rest_route=%2Fwp%2Fv2%2Ftags&post=59345"}],"curies":[{"name":"wp","href":"https:\/\/api.w.org\/{rel}","templated":true}]}}