{"id":59329,"date":"2025-07-04T11:13:19","date_gmt":"2025-07-04T11:13:19","guid":{"rendered":"https:\/\/dekkbi.com\/?p=59329"},"modified":"2025-07-04T11:13:20","modified_gmt":"2025-07-04T11:13:20","slug":"le-general-goita-enterre-ses-promesses-pour-rester-au-pouvoir","status":"publish","type":"post","link":"https:\/\/dekkbi.com\/?p=59329","title":{"rendered":"Le g\u00e9n\u00e9ral Go\u00efta enterre ses promesses pour rester au pouvoir"},"content":{"rendered":"\n<p>Cinq ans apr\u00e8s avoir pris le pouvoir par la force, le g\u00e9n\u00e9ral Assimi Go\u00efta, semble avoir enterr\u00e9 les promesses de transition d\u00e9mocratique de la junte. L&rsquo;homme fort du Mali s&rsquo;appr\u00eate \u00e0 41 ans, \u00e0 signer un bail illimit\u00e9 \u00e0 la t\u00eate du pays.<\/p>\n\n\n\n<p>L&rsquo;organe l\u00e9gislatif en place au Mali a valid\u00e9 un\u00a0<u>projet de loi\u00a0<\/u>qui avait \u00e9t\u00e9 adopt\u00e9 le 11 juin dernier par le conseil des ministres.\u00a0Il\u00a0lui a accord\u00e9 ce jeudi 3 juillet un mandat de pr\u00e9sident de cinq ans, renouvelable\u00a0<em>\u00ab\u00a0autant de fois que n\u00e9cessaire\u00a0\u00bb<\/em>\u00a0et sans \u00e9lection. Il ne lui reste plus qu&rsquo;\u00e0 promulguer lui-m\u00eame la loi pour devenir pr\u00e9sident de la R\u00e9publique du Mali.<\/p>\n\n\n\n<p>Cette d\u00e9cision le conforte davantage \u00e0 la t\u00eate de l&rsquo;\u00c9tat jusqu&rsquo;\u00e0 au moins 2030.<\/p>\n\n\n\n<h2 class=\"wp-block-heading\">Retour sur image<\/h2>\n\n\n\n<p>C&rsquo;est le 18 ao\u00fbt 2020 que le nom de l&rsquo;officier Assimi Go\u00efta, chef d&rsquo;un bataillon de forces sp\u00e9ciales inconnu jusqu&rsquo;alors, entrait dans les esprits des Maliens en d\u00e9posant par un putsch le pr\u00e9sident Ibrahim Boubacar Ke\u00efta.<\/p>\n\n\n\n<p><em>\u00ab\u00a0Nous n&rsquo;avons plus le droit \u00e0 l&rsquo;erreur. Donc, nous, en faisant cette intervention hier, nous avons mis le pays au-dessus, le Mali d&rsquo;abord\u00a0\u00bb,<\/em>&nbsp;disait-il au lendemain du coup de force.<\/p>\n\n\n\n<p>11 mois plus tard, il m\u00e8ne en mai 2021 un second coup d&rsquo;\u00c9tat, durant lequel il d\u00e8met les t\u00eates de l&rsquo;ex\u00e9cutif de la transition, et se fait investir officiellement chef de l&rsquo;\u00c9tat.<\/p>\n\n\n\n<p>\u00c2g\u00e9 alors de 38 ans, le voil\u00e0 consacr\u00e9 chef de la junte d&rsquo;un pays meurtri par la propagation djihadiste et les multiples maux du Sahel.<\/p>\n\n\n\n<p>Les militaires s&rsquo;\u00e9taient engag\u00e9s \u00e0 remettre le pouvoir aux civils au plus tard en mars 2024, mais ont depuis manqu\u00e9 \u00e0 leur promesse.<\/p>\n\n\n\n<h2 class=\"wp-block-heading\">Motivations myst\u00e9rieuses<\/h2>\n\n\n\n<p>C\u00e9l\u00e9br\u00e9 comme un h\u00e9ros par qui passera le salut de ce pays dans la tourmente, les motivations d&rsquo;Assimi Go\u00efta, qui a fait sa mue sans jamais se d\u00e9partir de son b\u00e9ret vert, demeurent un myst\u00e8re pour beaucoup : sacrifice de sa personne ou ivresse du pouvoir ?<\/p>\n\n\n\n<p>Lui mart\u00e8le n&rsquo;avoir aucun agenda cach\u00e9. Et quand il parle, l&rsquo;officier au verbe rare dit placer l&rsquo;int\u00e9r\u00eat de la nation avant tout.<\/p>\n\n\n\n<p>Quatre ans plus tard, l&rsquo;ancien colonel qui s&rsquo;est promu g\u00e9n\u00e9ral a plus brill\u00e9 par sa capacit\u00e9 \u00e0 verrouiller le jeu d\u00e9mocratique qu&rsquo;\u00e0 enrayer la propagation djihadiste et stabiliser le pays.<\/p>\n\n\n\n<p>Il s&rsquo;est employ\u00e9 \u00e0 restreindre les libert\u00e9s : suspension de l&rsquo;acc\u00e8s ou de la diffusion de plusieurs m\u00e9dias &#8211; notamment \u00e9trangers &#8211; emprisonnement de membres de l&rsquo;opposition et autres voix critiques, dissolution des partis politiques&#8230;<\/p>\n\n\n\n<p><em>\u00ab\u00a0C&rsquo;est un calculateur. Il a un c\u00f4t\u00e9 joueur. Il est clair que d\u00e8s le d\u00e9part nous avions senti qu&rsquo;il voulait absolument rester au pouvoir. Il faisait tout pour \u00e7a<\/em>\u00ab\u00a0, l&rsquo;accuse un diplomate africain qui l&rsquo;a c\u00f4toy\u00e9.<\/p>\n\n\n\n<p>Parall\u00e8lement, le Mali continue de s&rsquo;enliser dans la crise \u00e9conomique et s\u00e9curitaire, malgr\u00e9 un succ\u00e8s militaire en novembre 2023 avec la reprise de Kidal (nord), bastion des ind\u00e9pendantistes touareg.<\/p>\n\n\n\n<p>Deux ans apr\u00e8s, djihadistes et bandes criminelles sont toujours \u00e0 l&rsquo;oeuvre dans le pays et ont caus\u00e9 des centaines, voire des milliers de morts, tandis que l&rsquo;arm\u00e9e et ses alli\u00e9s mercenaires russes sont r\u00e9guli\u00e8rement accus\u00e9s d&rsquo;exactions contre les civils.<\/p>\n\n\n\n<h2 class=\"wp-block-heading\"><em>\u00ab\u00a0Homme de terrain<\/em>\u00ab\u00a0<\/h2>\n\n\n\n<p>L&rsquo;arriv\u00e9e au pouvoir d&rsquo;Assmi Go\u00efta marque un tournant dans la relation entre le Mali et ses partenaires occidentaux. Depuis 2022, il a rompu l&rsquo;alliance ancienne avec la France et ses alli\u00e9s occidentaux, pour se tourner militairement et politiquement vers la Russie.<\/p>\n\n\n\n<p>Il a multipli\u00e9 les actes de rupture, poussant vers la sortie la mission de stabilisation des Nations unies (Minusma), et a retir\u00e9 son pays de la Communaut\u00e9 \u00e9conomique des \u00c9tats de l&rsquo;Afrique de l&rsquo;Ouest (Cedeao).<\/p>\n\n\n\n<p>Le chef de la junte a fond\u00e9 avec les r\u00e9gimes militaires du Burkina Faso et du Niger l&rsquo;Alliance des \u00c9tats du Sahel (AES), dont il est actuellement le pr\u00e9sident en exercice.<\/p>\n\n\n\n<p>Fils d&rsquo;un ancien directeur de la police militaire, il a \u00e9tudi\u00e9 au Prytan\u00e9e militaire de Kati, puis \u00e0 l&rsquo;\u00e9cole militaire interarmes de Koulikoro.<\/p>\n\n\n\n<p>En 2002, il a \u00e9t\u00e9 envoy\u00e9 dans le nord et y a fait ses armes, bas\u00e9 \u00e0 Gao, Kidal, Tombouctou, M\u00e9naka, puis Tessalit. Il a particip\u00e9 au combat contre les ind\u00e9pendantistes, puis les jihadistes, et est mont\u00e9 en grade. Pas grand-chose ne distingue l&rsquo;officier athl\u00e9tique \u00e0 la d\u00e9marche lourde et cadenc\u00e9e des hommes en tenue de combat qui l&rsquo;accompagnent partout.<\/p>\n\n\n\n<p><em>\u00ab\u00a0Para\u00eetre, ce n&rsquo;est pas son probl\u00e8me. C&rsquo;est un homme de terrain, on l&rsquo;a vu dans le nord\u00a0\u00bb<\/em>, le d\u00e9crit un colonel sous couvert d&rsquo;anonymat.<\/p>\n\n\n\n<p>Assimi Go\u00efta, dont il est presque impossible de serrer la main tant il est m\u00e9fiant, reste toujours populaire aupr\u00e8s d&rsquo;une frange de la population.<\/p>\n\n\n\n<p>Ses partisans le voient comme l&rsquo;artisan d&rsquo;un redressement national du pays et d&rsquo;une souverainet\u00e9 retrouv\u00e9e.<\/p>\n\n\n\n<p>SOURCE TV5<\/p>\n","protected":false},"excerpt":{"rendered":"<p>Cinq ans apr\u00e8s avoir pris le pouvoir par la force, le g\u00e9n\u00e9ral Assimi Go\u00efta, semble avoir enterr\u00e9 les promesses de<\/p>\n","protected":false},"author":1,"featured_media":48990,"comment_status":"open","ping_status":"open","sticky":false,"template":"","format":"standard","meta":{"footnotes":""},"categories":[51],"tags":[],"class_list":["post-59329","post","type-post","status-publish","format-standard","has-post-thumbnail","hentry","category-general"],"_links":{"self":[{"href":"https:\/\/dekkbi.com\/index.php?rest_route=\/wp\/v2\/posts\/59329","targetHints":{"allow":["GET"]}}],"collection":[{"href":"https:\/\/dekkbi.com\/index.php?rest_route=\/wp\/v2\/posts"}],"about":[{"href":"https:\/\/dekkbi.com\/index.php?rest_route=\/wp\/v2\/types\/post"}],"author":[{"embeddable":true,"href":"https:\/\/dekkbi.com\/index.php?rest_route=\/wp\/v2\/users\/1"}],"replies":[{"embeddable":true,"href":"https:\/\/dekkbi.com\/index.php?rest_route=%2Fwp%2Fv2%2Fcomments&post=59329"}],"version-history":[{"count":1,"href":"https:\/\/dekkbi.com\/index.php?rest_route=\/wp\/v2\/posts\/59329\/revisions"}],"predecessor-version":[{"id":59330,"href":"https:\/\/dekkbi.com\/index.php?rest_route=\/wp\/v2\/posts\/59329\/revisions\/59330"}],"wp:featuredmedia":[{"embeddable":true,"href":"https:\/\/dekkbi.com\/index.php?rest_route=\/wp\/v2\/media\/48990"}],"wp:attachment":[{"href":"https:\/\/dekkbi.com\/index.php?rest_route=%2Fwp%2Fv2%2Fmedia&parent=59329"}],"wp:term":[{"taxonomy":"category","embeddable":true,"href":"https:\/\/dekkbi.com\/index.php?rest_route=%2Fwp%2Fv2%2Fcategories&post=59329"},{"taxonomy":"post_tag","embeddable":true,"href":"https:\/\/dekkbi.com\/index.php?rest_route=%2Fwp%2Fv2%2Ftags&post=59329"}],"curies":[{"name":"wp","href":"https:\/\/api.w.org\/{rel}","templated":true}]}}