{"id":59326,"date":"2025-07-04T11:07:13","date_gmt":"2025-07-04T11:07:13","guid":{"rendered":"https:\/\/dekkbi.com\/?p=59326"},"modified":"2025-07-04T11:14:34","modified_gmt":"2025-07-04T11:14:34","slug":"cameroun-des-pretendants-a-lapres-biya-placent-leur-pions","status":"publish","type":"post","link":"https:\/\/dekkbi.com\/?p=59326","title":{"rendered":"Pr\u00e9sidentielles au Cameroun: des pr\u00e9tendants \u00e0 l&rsquo;apr\u00e8s-Biya placent leur pions"},"content":{"rendered":"\n<p><strong>Par Jean-Baptiste KETCHATENG \u00a9 2025 AFP<\/strong> &#8211; Sur le grand \u00e9chiquier de la politique camerounaise, des pr\u00e9tendants \u00e0 l&rsquo;apr\u00e8s-Biya ont commenc\u00e9 \u00e0 placer leurs pions, pendant que le chef de l\u2019\u00c9tat de 92 ans poursuit son jeu habituel, sans se soucier de ses adversaires.<\/p>\n\n\n\n<p>A peine trois mois avant l&rsquo;\u00e9lection pr\u00e9sidentielle d&rsquo;octobre, le pr\u00e9sident Paul Biya, qui tient le Cameroun d&rsquo;une main de fer depuis plus de 42 ans, a connu deux d\u00e9fections dans ses rangs en moins d&rsquo;une semaine.<\/p>\n\n\n\n<p>Issa Tchiroma Bakary, ministre charg\u00e9 de l&rsquo;Emploi et de la Formation professionnelle, a quitt\u00e9 le gouvernement avant de se d\u00e9clarer candidat \u00e0 la pr\u00e9sidentielle dans la foul\u00e9e sous la banni\u00e8re de son parti, le Front pour le salut national du Cameroun (FSNC).<\/p>\n\n\n\n<p>R\u00e9action du gouvernement ? M. Tchiroma a \u00e9t\u00e9 remplac\u00e9 via un simple communiqu\u00e9 indiquant que le pr\u00e9sident Biya a fait d\u00e9signer un ministre pour \u00ab\u00a0assurer la continuit\u00e9 du service public\u00a0\u00bb. Nulle mention de la d\u00e9mission.<\/p>\n\n\n\n<p>Deux jours plus tard, un ministre d\u2019\u00c9tat, Bello Bouba Ma\u00efgari, ancien Premier ministre, a d\u00e9clar\u00e9 \u00e0 son tour sa candidature. Responsable de l&rsquo;Union nationale pour la d\u00e9mocratie et le progr\u00e8s (UNDP), un parti alli\u00e9 \u00e0 M. Biya, il faisait figure d&rsquo;alli\u00e9 historique depuis pr\u00e8s de 30 ans.<\/p>\n\n\n\n<p>R\u00e9action du camp Biya? Fame Ndongo, qui dirige la communication du Rassemblement d\u00e9mocratique du peuple camerounais (RDPC, au pouvoir), clame lundi en une du quotidien gouvernemental Cameroon Tribune qu'\u00a0\u00bbil n&rsquo;y a rien de nouveau\u00a0\u00bb.<\/p>\n\n\n\n<h2 class=\"wp-block-heading\">\u00ab\u00a0Volont\u00e9 de la base\u00a0\u00bb<\/h2>\n\n\n\n<p>D&rsquo;apr\u00e8s lui, Paul Biya aurait m\u00eame \u00ab\u00a0d\u00e9cod\u00e9, depuis belle lurette, les signes pr\u00e9monitoires de ces d\u00e9parts qui participent du jeu politique classique, dans une d\u00e9mocratie lib\u00e9rale et avanc\u00e9e\u00a0\u00bb.<\/p>\n\n\n\n<p>Les deux n\u00e9o-candidats, tous deux bient\u00f4t octog\u00e9naires, ont certes d\u00e9j\u00e0 affront\u00e9 \u00e0 la pr\u00e9sidentielle M. Biya. Mais c&rsquo;\u00e9tait il y a plus de 30 ans, lors du scrutin de 1992.<\/p>\n\n\n\n<p>M. Tchiroma sortait alors fra\u00eechement de prison et M. Ma\u00efgari revenait d&rsquo;exil. Mais apr\u00e8s leur d\u00e9faite, les deux barons, originaires du nord du pays traditionnellement acquis au r\u00e9gime, s&rsquo;\u00e9taient rang\u00e9s derri\u00e8re le pr\u00e9sident Biya.<\/p>\n\n\n\n<p>Selon le professeur S\u00e9verin Tchokonte, de l&rsquo;universit\u00e9 de Garoua (nord), \u00ab\u00a0les populations (du nord) croupissent dans la mis\u00e8re (et une) paup\u00e9risation insoutenable. Soutenir le r\u00e9gime pendant autant de temps signifierait trahir ces populations qui n&rsquo;ont pas d&rsquo;eau, pas d&rsquo;\u00e9lectricit\u00e9, pas d&rsquo;infrastructures de bien-\u00eatre minimal\u00a0\u00bb.<\/p>\n\n\n\n<p>Ainsi, Yaya Sa\u00efdou Ma\u00efdadi, secr\u00e9taire \u00e0 la communication de l&rsquo;UNDP, assure que \u00ab\u00a0c&rsquo;est la volont\u00e9 de la base de voir le pr\u00e9sident Bello (Ma\u00efgari) se repr\u00e9senter\u00a0\u00bb.<\/p>\n\n\n\n<p>Plus direct, Issa Tchiroma tance un gouvernement incapable de r\u00e9pondre aux aspirations populaires. \u00ab\u00a0Certes, on n&rsquo;a pas pu vous sortir de la mis\u00e8re hier, mais aujourd&rsquo;hui si on s&rsquo;unit (&#8230;) on peut le faire\u00a0\u00bb, affirmait-il mi-juin durant un rassemblement \u00e0 Garoua.<\/p>\n\n\n\n<p>En 2018, seuls 3,5 des 6,6 millions d&rsquo;inscrits ont pris part \u00e0 la pr\u00e9sidentielle, selon des chiffres de l&rsquo;universit\u00e9 de Bordeaux. Et l&rsquo;\u00e9lection avait \u00e9t\u00e9 \u00e9maill\u00e9e de violences.<\/p>\n\n\n\n<p>Jusqu&rsquo;alors, le pouvoir reposait sur un consensus entre le RDPC et ses alli\u00e9s.<\/p>\n\n\n\n<p>Mais aujourd&rsquo;hui, les conditions \u00e9conomiques dramatiques pourraient mobiliser les \u00e9lecteurs camerounais, pourtant habitu\u00e9s \u00e0 l&rsquo;apathie \u00e9lectorale.<\/p>\n\n\n\n<p>Par ailleurs, M. Tchiroma \u00e9voque publiquement une possible non-candidature de Paul Biya, dont les rumeurs sur la sant\u00e9 chancelante se multiplient alors que ses apparitions publiques se rar\u00e9fient.<\/p>\n\n\n\n<p>En revanche, dans les d\u00e9bats politiques sur les antennes des radios et t\u00e9l\u00e9visions, les deux pr\u00e9tendants se font taxer de marionnettes, accus\u00e9s de saper les chances de l&rsquo;opposition, dont celles de Maurice Kamto, un opposant en vue du Mouvement pour la renaissance du Cameroun (MRC).<\/p>\n\n\n\n<p>\u00ab\u00a0MM. Ma\u00efgari et Tchiroma sont avec le RDPC depuis longtemps. Ils peuvent \u00eatre dans une logique d&rsquo;\u00e9miettement et d&rsquo;affaiblissement de l&rsquo;opposition, afin de contenir la mont\u00e9e en puissance du MRC de Maurice Kamto (&#8230;). Si le MRC engrange des voix dans le nord, les choses peuvent basculer\u00a0\u00bb, estime le professeur Tchokonte.<\/p>\n\n\n\n<p>Les int\u00e9ress\u00e9s s&rsquo;en d\u00e9fendent. Pour r\u00e9ussir leur retour vers l&rsquo;opposition, ils devront tenir compte de la volont\u00e9 de changement qui se manifeste chaque jour au Cameroun, notamment sur les r\u00e9seaux sociaux.<\/p>\n\n\n\n<h2 class=\"wp-block-heading\">\u00ab\u00a0Tourner la page\u00a0\u00bb<\/h2>\n\n\n\n<p>Selon Anicet Ekane, pr\u00e9sident du parti d&rsquo;opposition Manidem (Mouvement africain pour la nouvelle ind\u00e9pendance et la d\u00e9mocratie), opposant depuis 1973, cette volont\u00e9 est \u00ab\u00a0grande et transr\u00e9gionale\u00a0\u00bb.<\/p>\n\n\n\n<p>\u00ab\u00a0Il sera de plus en plus difficile de ne compter que sur la capacit\u00e9 de l&rsquo;\u00e9lite \u00e0 passer une consigne de vote et \u00e9viter un mouvement national contre le pouvoir\u00a0\u00bb, assure-t-il.<\/p>\n\n\n\n<p>De son c\u00f4t\u00e9, le groupe des Partisans du changement du Grand Nord souhaite \u00ab\u00a0f\u00e9d\u00e9rer toutes les \u00e9nergies susceptibles de permettre au Cameroun de tourner la page\u00a0\u00bb des 43 ans du r\u00e9gime Biya.<\/p>\n\n\n\n<p>Imperturbable, le pr\u00e9sident multiplie les messages politiques de pr\u00e9-campagne. Officiellement et conform\u00e9ment aux statuts de son parti, il demeure le candidat du RDPC \u00e0 la pr\u00e9sidentielle.<\/p>\n\n\n\n<p>\u00ab\u00a0Je puis vous assurer que ma d\u00e9termination \u00e0 vous servir demeure intacte\u00a0\u00bb, d\u00e9clarait-il en d\u00e9cembre. En f\u00e9vrier, il demandait aux Camerounais de \u00ab\u00a0ne pas pr\u00eater l&rsquo;oreille aux sir\u00e8nes du chaos que font retentir certains irresponsables\u00a0\u00bb.<\/p>\n","protected":false},"excerpt":{"rendered":"<p>Par Jean-Baptiste KETCHATENG \u00a9 2025 AFP &#8211; Sur le grand \u00e9chiquier de la politique camerounaise, des pr\u00e9tendants \u00e0 l&rsquo;apr\u00e8s-Biya ont<\/p>\n","protected":false},"author":1,"featured_media":59327,"comment_status":"open","ping_status":"open","sticky":false,"template":"","format":"standard","meta":{"footnotes":""},"categories":[51],"tags":[],"class_list":["post-59326","post","type-post","status-publish","format-standard","has-post-thumbnail","hentry","category-general"],"_links":{"self":[{"href":"https:\/\/dekkbi.com\/index.php?rest_route=\/wp\/v2\/posts\/59326","targetHints":{"allow":["GET"]}}],"collection":[{"href":"https:\/\/dekkbi.com\/index.php?rest_route=\/wp\/v2\/posts"}],"about":[{"href":"https:\/\/dekkbi.com\/index.php?rest_route=\/wp\/v2\/types\/post"}],"author":[{"embeddable":true,"href":"https:\/\/dekkbi.com\/index.php?rest_route=\/wp\/v2\/users\/1"}],"replies":[{"embeddable":true,"href":"https:\/\/dekkbi.com\/index.php?rest_route=%2Fwp%2Fv2%2Fcomments&post=59326"}],"version-history":[{"count":2,"href":"https:\/\/dekkbi.com\/index.php?rest_route=\/wp\/v2\/posts\/59326\/revisions"}],"predecessor-version":[{"id":59331,"href":"https:\/\/dekkbi.com\/index.php?rest_route=\/wp\/v2\/posts\/59326\/revisions\/59331"}],"wp:featuredmedia":[{"embeddable":true,"href":"https:\/\/dekkbi.com\/index.php?rest_route=\/wp\/v2\/media\/59327"}],"wp:attachment":[{"href":"https:\/\/dekkbi.com\/index.php?rest_route=%2Fwp%2Fv2%2Fmedia&parent=59326"}],"wp:term":[{"taxonomy":"category","embeddable":true,"href":"https:\/\/dekkbi.com\/index.php?rest_route=%2Fwp%2Fv2%2Fcategories&post=59326"},{"taxonomy":"post_tag","embeddable":true,"href":"https:\/\/dekkbi.com\/index.php?rest_route=%2Fwp%2Fv2%2Ftags&post=59326"}],"curies":[{"name":"wp","href":"https:\/\/api.w.org\/{rel}","templated":true}]}}