{"id":59295,"date":"2025-07-04T10:09:03","date_gmt":"2025-07-04T10:09:03","guid":{"rendered":"https:\/\/dekkbi.com\/?p=59295"},"modified":"2025-07-04T10:14:53","modified_gmt":"2025-07-04T10:14:53","slug":"greve-sytjust-et-untj-le-ministere-de-la-justice-sengage-dans-un-dialogue-et-propose-une-formation-specifique","status":"publish","type":"post","link":"https:\/\/dekkbi.com\/?p=59295","title":{"rendered":"Gr\u00e8ve SYTJUST et UNTJ : Le Minist\u00e8re de la Justice s&rsquo;engage dans un dialogue et propose une formation sp\u00e9cifique&#8230;"},"content":{"rendered":"\n<p>Dans un communiqu\u00e9 parvenu \u00e0 Dakaractu, ce jeudi 3 juillet 2025, le minist\u00e8re de la Justice r\u00e9agit enfin \u00e0 la gr\u00e8ve\u00a0entam\u00e9e depuis le 18 juin 2025 par les syndicats du secteur de la justice, notamment le SYTJUST et l&rsquo;UNJT. La tutelle propose ainsi la mise en place d&rsquo;un dispositif de formation sp\u00e9cifique, \u00e9labor\u00e9 en collaboration avec le Centre de Formation Judiciaire.\u00a0<\/p>\n\n\n\n<p>Selon le document, \u00ab\u00a0la gr\u00e8ve vise principalement \u00e0 exiger l&rsquo;alignement de tous les greffiers de la hi\u00e9rarchie B2 \u00e0 la hi\u00e9rarchie A2, ainsi que le reclassement des agents des hi\u00e9rarchies B et C ayant un certain nombre d&rsquo;ann\u00e9es d&rsquo;exp\u00e9rience vers la hi\u00e9rarchie B2, selon des modalit\u00e9s d\u00e9finies par les syndicats eux-m\u00eames.<\/p>\n\n\n\n<p>Ainsi, le Minist\u00e8re de la Justice rappelle que l&rsquo;administration des agents publics rel\u00e8ve de la comp\u00e9tence du Ministre de la Fonction publique et de la R\u00e9forme du Secteur public, conform\u00e9ment aux dispositions r\u00e9glementaires en vigueur et sous l&rsquo;autorit\u00e9 du Premier ministre.<\/p>\n\n\n\n<p>\u00ab\u00a0Suite \u00e0 des concertations entre les minist\u00e8res de la Justice et de la Fonction publique, il a \u00e9t\u00e9 convenu de mettre en place un dispositif de formation sp\u00e9cifique.&nbsp;Ce programme, \u00e9labor\u00e9 en collaboration avec le Centre de Formation judiciaire, aura pour objectif de prendre en compte l&rsquo;exp\u00e9rience acquise par les agents concern\u00e9s, dans une d\u00e9marche de valorisation de leurs parcours professionnels\u00a0\u00bb, indique le document.&nbsp;<\/p>\n\n\n\n<p>Toutefois, le&nbsp;Minist\u00e8re de la Justice, dirig\u00e9 par Ousmane Diagne, s&rsquo;engage \u00e0 conduire cette r\u00e9forme dans un esprit de dialogue et de concertation.&nbsp;L&rsquo;objectif est de respecter les droits l\u00e9gitimes des agents de l&rsquo;\u00c9tat tout en servant l&rsquo;int\u00e9r\u00eat sup\u00e9rieur du service public de la Justice, pr\u00e9cise le communiqu\u00e9.&nbsp;<\/p>\n\n\n\n<p>Autres articles<\/p>\n","protected":false},"excerpt":{"rendered":"<p>Dans un communiqu\u00e9 parvenu \u00e0 Dakaractu, ce jeudi 3 juillet 2025, le minist\u00e8re de la Justice r\u00e9agit enfin \u00e0 la<\/p>\n","protected":false},"author":1,"featured_media":39305,"comment_status":"open","ping_status":"open","sticky":false,"template":"","format":"standard","meta":{"footnotes":""},"categories":[6],"tags":[],"class_list":["post-59295","post","type-post","status-publish","format-standard","has-post-thumbnail","hentry","category-politics"],"_links":{"self":[{"href":"https:\/\/dekkbi.com\/index.php?rest_route=\/wp\/v2\/posts\/59295","targetHints":{"allow":["GET"]}}],"collection":[{"href":"https:\/\/dekkbi.com\/index.php?rest_route=\/wp\/v2\/posts"}],"about":[{"href":"https:\/\/dekkbi.com\/index.php?rest_route=\/wp\/v2\/types\/post"}],"author":[{"embeddable":true,"href":"https:\/\/dekkbi.com\/index.php?rest_route=\/wp\/v2\/users\/1"}],"replies":[{"embeddable":true,"href":"https:\/\/dekkbi.com\/index.php?rest_route=%2Fwp%2Fv2%2Fcomments&post=59295"}],"version-history":[{"count":1,"href":"https:\/\/dekkbi.com\/index.php?rest_route=\/wp\/v2\/posts\/59295\/revisions"}],"predecessor-version":[{"id":59296,"href":"https:\/\/dekkbi.com\/index.php?rest_route=\/wp\/v2\/posts\/59295\/revisions\/59296"}],"wp:featuredmedia":[{"embeddable":true,"href":"https:\/\/dekkbi.com\/index.php?rest_route=\/wp\/v2\/media\/39305"}],"wp:attachment":[{"href":"https:\/\/dekkbi.com\/index.php?rest_route=%2Fwp%2Fv2%2Fmedia&parent=59295"}],"wp:term":[{"taxonomy":"category","embeddable":true,"href":"https:\/\/dekkbi.com\/index.php?rest_route=%2Fwp%2Fv2%2Fcategories&post=59295"},{"taxonomy":"post_tag","embeddable":true,"href":"https:\/\/dekkbi.com\/index.php?rest_route=%2Fwp%2Fv2%2Ftags&post=59295"}],"curies":[{"name":"wp","href":"https:\/\/api.w.org\/{rel}","templated":true}]}}