{"id":59291,"date":"2025-07-04T10:05:11","date_gmt":"2025-07-04T10:05:11","guid":{"rendered":"https:\/\/dekkbi.com\/?p=59291"},"modified":"2025-07-04T10:05:12","modified_gmt":"2025-07-04T10:05:12","slug":"dakar-washington-laxe-se-renforce-entre-realignement-strategique-et-diplomatie-du-developpement","status":"publish","type":"post","link":"https:\/\/dekkbi.com\/?p=59291","title":{"rendered":"Dakar\/Washington : l\u2019axe se renforce, entre r\u00e9alignement strat\u00e9gique et diplomatie du d\u00e9veloppement"},"content":{"rendered":"\n<p>Dans une allocution franche, le ministre des Forces Arm\u00e9es, le G\u00e9n\u00e9ral Birame Diop, en tant que repr\u00e9sentant du pr\u00e9sident Bassirou Diomaye Faye, a fait entendre avec force la voix du S\u00e9n\u00e9gal lors des festivit\u00e9s marquant le 249e anniversaire de l&rsquo;ind\u00e9pendance des \u00c9tats-Unis. Devant l&rsquo;\u00e9lite politique et diplomatique rassembl\u00e9e \u00e0 l&rsquo;ambassade des \u00c9tats-Unis, il a lou\u00e9 un rapport bilat\u00e9ral exemplaire, tout en r\u00e9it\u00e9rant la d\u00e9termination r\u00e9solue du S\u00e9n\u00e9gal \u00e0 renforcer une alliance strat\u00e9gique entre Dakar et Washington. \u00ab Ce jour symbolique nous donne l&rsquo;occasion de mettre en avant les principes partag\u00e9s de libert\u00e9, de paix et de s\u00e9curit\u00e9 \u00bb, a-t-il affirm\u00e9, soulignant que depuis 1971, la coop\u00e9ration s&rsquo;est renforc\u00e9e dans les domaines politique, militaire, \u00e9conomique et technique.<br><br>Le ministre a soulign\u00e9 l&rsquo;aspect \u00e9conomique de cette collaboration, avec plus de 500 millions de dollars inject\u00e9s depuis 2014, la pr\u00e9sence d&rsquo;une cinquantaine de compagnies am\u00e9ricaines et les b\u00e9n\u00e9fices escompt\u00e9s suite \u00e0 la r\u00e9cente visite du pr\u00e9sident Bassirou Diomaye Faye \u00e0 la Silicon Valley. Il a aussi soulign\u00e9 la solide collaboration militaire, caract\u00e9ris\u00e9e par des formations, des dons d&rsquo;\u00e9quipements et des op\u00e9rations conjointes, mettant ainsi en \u00e9vidence un lien s\u00e9curitaire devenu d\u00e9sormais vital dans un environnement r\u00e9gional pr\u00e9caire. Le plan S\u00e9n\u00e9gal 2050 a \u00e9t\u00e9 introduit comme un nouveau cadre strat\u00e9gique en accord avec la politique am\u00e9ricaine de \u00ab trade not aid \u00bb, o\u00f9 l&rsquo;accent est mis sur les investissements, la technologie et le d\u00e9veloppement humain comme priorit\u00e9s convergentes.<br><br>Pour conclure, le ministre a \u00e9mis un signal fort de coop\u00e9ration : une invitation \u00e0 un \u00e9change organis\u00e9 sur la migration, la diaspora et le partenariat \u00e9conomique, tout en saluant l&rsquo;implication des \u00c9tats-Unis au prochain Forum Invest in Senegal pr\u00e9vu en octobre 2025. Jean Baptiste Tine a termin\u00e9 son discours sur une note puissante : \u00ab Longue vie \u00e0 l&rsquo;amiti\u00e9 et \u00e0 la collaboration entre le S\u00e9n\u00e9gal et les \u00c9tats-Unis d&rsquo;Am\u00e9rique. \u00bb<\/p>\n","protected":false},"excerpt":{"rendered":"<p>Dans une allocution franche, le ministre des Forces Arm\u00e9es, le G\u00e9n\u00e9ral Birame Diop, en tant que repr\u00e9sentant du pr\u00e9sident Bassirou<\/p>\n","protected":false},"author":1,"featured_media":59293,"comment_status":"open","ping_status":"open","sticky":false,"template":"","format":"standard","meta":{"footnotes":""},"categories":[6],"tags":[],"class_list":["post-59291","post","type-post","status-publish","format-standard","has-post-thumbnail","hentry","category-politics"],"_links":{"self":[{"href":"https:\/\/dekkbi.com\/index.php?rest_route=\/wp\/v2\/posts\/59291","targetHints":{"allow":["GET"]}}],"collection":[{"href":"https:\/\/dekkbi.com\/index.php?rest_route=\/wp\/v2\/posts"}],"about":[{"href":"https:\/\/dekkbi.com\/index.php?rest_route=\/wp\/v2\/types\/post"}],"author":[{"embeddable":true,"href":"https:\/\/dekkbi.com\/index.php?rest_route=\/wp\/v2\/users\/1"}],"replies":[{"embeddable":true,"href":"https:\/\/dekkbi.com\/index.php?rest_route=%2Fwp%2Fv2%2Fcomments&post=59291"}],"version-history":[{"count":1,"href":"https:\/\/dekkbi.com\/index.php?rest_route=\/wp\/v2\/posts\/59291\/revisions"}],"predecessor-version":[{"id":59294,"href":"https:\/\/dekkbi.com\/index.php?rest_route=\/wp\/v2\/posts\/59291\/revisions\/59294"}],"wp:featuredmedia":[{"embeddable":true,"href":"https:\/\/dekkbi.com\/index.php?rest_route=\/wp\/v2\/media\/59293"}],"wp:attachment":[{"href":"https:\/\/dekkbi.com\/index.php?rest_route=%2Fwp%2Fv2%2Fmedia&parent=59291"}],"wp:term":[{"taxonomy":"category","embeddable":true,"href":"https:\/\/dekkbi.com\/index.php?rest_route=%2Fwp%2Fv2%2Fcategories&post=59291"},{"taxonomy":"post_tag","embeddable":true,"href":"https:\/\/dekkbi.com\/index.php?rest_route=%2Fwp%2Fv2%2Ftags&post=59291"}],"curies":[{"name":"wp","href":"https:\/\/api.w.org\/{rel}","templated":true}]}}