{"id":59280,"date":"2025-07-04T09:45:12","date_gmt":"2025-07-04T09:45:12","guid":{"rendered":"https:\/\/dekkbi.com\/?p=59280"},"modified":"2025-07-04T09:45:13","modified_gmt":"2025-07-04T09:45:13","slug":"communique-du-conseil-des-ministres-du-jeudi-03-juillet-2025","status":"publish","type":"post","link":"https:\/\/dekkbi.com\/?p=59280","title":{"rendered":"COMMUNIQUE DU CONSEIL DES MINISTRES DU JEUDI 03 JUILLET 2025"},"content":{"rendered":"\n<p>Le Chef de l\u2019Etat, Son Excellence, Monsieur Bassirou Diomaye Diakhar FAYE a pr\u00e9sid\u00e9, ce jeudi 03 juillet 2025, la r\u00e9union hebdomadaire du Conseil des Ministres, au Palais de la R\u00e9publique. Le Pr\u00e9sident de la R\u00e9publique a saisi l\u2019occasion de l\u2019av\u00e8nement du nouvel an musulman (1447 de l\u2019H\u00e9gire) pour souhaiter une bonne et heureuse ann\u00e9e \u00e0 la Oummah islamique et pr\u00e9senter ses meilleurs v\u0153ux \u00e0 la communaut\u00e9 musulmane du S\u00e9n\u00e9gal qui s\u2019appr\u00eate \u00e0 c\u00e9l\u00e9brer la Tamkharite.<\/p>\n\n\n\n<p>Le Chef de l\u2019Etat est revenu sur le vote de la Loi de Finances rectificative 2025, le bon d\u00e9roulement du d\u00e9bat d\u2019orientation budg\u00e9taire et les perspectives de relance \u00e9conomique. Il a salu\u00e9 la tenue de cet exercice dans la s\u00e9r\u00e9nit\u00e9 et le respect des lois et r\u00e8glements qui r\u00e9gissent le fonctionnement r\u00e9gulier des institutions de la R\u00e9publique. A cet \u00e9gard, il a f\u00e9licit\u00e9 le Gouvernement et l\u2019Assembl\u00e9e nationale pour la bonne pr\u00e9paration et la qualit\u00e9 des d\u00e9bats qui ont permis d\u2019\u00e9clairer les citoyens sur la situation globale des finances publiques ainsi que les investissements et interventions sociales de l\u2019Etat dans la mise en \u0153uvre de l\u2019Agenda national de Transformation. Il a demand\u00e9 au Premier Ministre de poursuivre les efforts d\u2019assainissement des finances publiques et de mettre l\u2019accent sur l\u2019investissement productif, l\u2019apurement progressif de la dette int\u00e9rieure et le d\u00e9veloppement du secteur priv\u00e9. Dans cette dynamique de redressement d\u2019une situation \u00e9conomique sans pr\u00e9c\u00e9dent, le Chef de l\u2019Etat a rappel\u00e9 son attachement \u00e0 l\u2019am\u00e9lioration soutenue de l\u2019environnement des affaires qui doit se hisser au niveau des meilleurs standards internationaux.<\/p>\n\n\n\n<p>A ce sujet, il a rappel\u00e9 la n\u00e9cessit\u00e9 d\u2019un suivi minutieux, par le Premier Ministre, de la pr\u00e9paration du prochain Forum Invest in S\u00e9n\u00e9gal pr\u00e9vu les 07 et 08 octobre 2025 avec une forte implication du secteur priv\u00e9 national. Par ailleurs, il a soulign\u00e9 l\u2019importance de revoir, pour plus de coh\u00e9rence et d\u2019efficience, les dispositifs et m\u00e9canismes nationaux de financement de l\u2019\u00e9conomie.<\/p>\n\n\n\n<p>A ce titre, il a demand\u00e9 au Ministre des Finances et du Budget, au Ministre de l\u2019Economie, du Plan et de la Coop\u00e9ration et au Ministre aupr\u00e8s du Pr\u00e9sident de la R\u00e9publique charg\u00e9 du suivi du pilotage et de l\u2019\u00e9valuation de l\u2019Agenda national de Transformation Vision S\u00e9n\u00e9gal 2050 de proposer, sous la supervision du Premier Ministre, une strat\u00e9gie de rationalisation op\u00e9rationnelle des instruments de financement publics (CDC, FONSIS, FONGIP, BNDE, BHS, LBA, FONAMIF, DER\/FJ\u2026). Cette strat\u00e9gie permettra, dans un esprit innovant, de consolider une \u00e9conomie endog\u00e8ne \u00e0 partir de la mobilisation optimale des ressources nationales. 1 Dans ce contexte international marqu\u00e9 par l\u2019incertitude et la volatilit\u00e9 des march\u00e9s financiers, il est imp\u00e9ratif de compter, d\u2019abord, sur nos propres forces \u00e0 travers notamment la mise en \u0153uvre r\u00e9ussie de la nouvelle politique agricole et de souverainet\u00e9 alimentaire, la maitrise strat\u00e9gique du secteur de l\u2019\u00e9nergie, l\u2019acc\u00e9l\u00e9ration de l\u2019industrialisation, la valorisation des potentialit\u00e9s de nos terroirs et la mise en valeur de nos ressources naturelles dans les secteurs et fili\u00e8res \u00e0 haute intensit\u00e9 de main d\u2019\u0153uvre.<\/p>\n\n\n\n<p>Dans cette phase de la gouvernance publique, il s\u2019agit aussi de mobiliser davantage les acteurs \u00e9conomiques nationaux et internationaux et toutes les composantes des administrations publiques et parapubliques. Pour clore ce chapitre, le Pr\u00e9sident de la R\u00e9publique a invit\u00e9 le Premier Ministre \u00e0 veiller, d\u00e8s \u00e0 pr\u00e9sent, \u00e0 la bonne pr\u00e9paration, selon les priorit\u00e9s et programmes valid\u00e9s, du Projet de loi de finances pour l\u2019ann\u00e9e 2026. Evoquant la nouvelle strat\u00e9gie de coop\u00e9ration internationale et de promotion des partenariats public-priv\u00e9 (PPP), le Chef de l\u2019Etat a rappel\u00e9 au Gouvernement que la vision d\u2019un S\u00e9n\u00e9gal souverain, juste et prosp\u00e8re, repose sur une politique de coop\u00e9ration, de partenariat et de financement bas\u00e9e sur l\u2019ouverture, le respect mutuel, la pr\u00e9servation des int\u00e9r\u00eats nationaux et la r\u00e9alisation de partenariats gagnant-gagnant.<\/p>\n\n\n\n<p>A ce titre, il a f\u00e9licit\u00e9 le Premier Ministre et sa d\u00e9l\u00e9gation pour la bonne pr\u00e9paration et le succ\u00e8s exceptionnel de leur visite d\u2019amiti\u00e9 et de travail en R\u00e9publique populaire de Chine. Il a demand\u00e9 au Premier Ministre de veiller, avec les Ministres et les acteurs publics et priv\u00e9s concern\u00e9s, au suivi diligent et \u00e0 la mat\u00e9rialisation rapide de tous les accords, engagements et projets conclus lors de cette importante visite.<\/p>\n\n\n\n<p>Dans la m\u00eame lanc\u00e9e, il a indiqu\u00e9 au Ministre de l\u2019Economie, du Plan et de la Coop\u00e9ration la n\u00e9cessit\u00e9 de finaliser la r\u00e9orientation de la strat\u00e9gie nationale de d\u00e9veloppement du secteur priv\u00e9 en coh\u00e9rence avec les choix politique et \u00e9conomique de l\u2019Etat. Par ailleurs, il a soulign\u00e9 l\u2019exigence de l\u2019\u00e9laboration d\u2019un document cadre de coop\u00e9ration internationale et de partenariat devant am\u00e9liorer la gestion interminist\u00e9rielle de la coop\u00e9ration internationale et la mise en \u0153uvre coh\u00e9rente, rationnelle et pragmatique du partenariat public priv\u00e9, dans chaque secteur, en tenant compte de la territorialisation des projets \u00e0 fort potentiel de cr\u00e9ation d\u2019emplois dans les P\u00f4les.<\/p>\n\n\n\n<p>L\u2019organisation des Jeux olympiques de la Jeunesse (JOJ) Dakar 2026 et le d\u00e9veloppement de la pratique sportive chez les jeunes doivent favoriser le maillage du territoire national, notamment des communes, en infrastructures sportives fonctionnelles et aux normes. Le Pr\u00e9sident de la R\u00e9publique a demand\u00e9 au Ministre en charge des Sports d\u2019acc\u00e9l\u00e9rer, en relation avec le Ministre des Finances et du Budget, la mise en \u0153uvre du programme national de construction d\u2019infrastructures sportives en veillant notamment \u00e0 l\u2019acc\u00e9l\u00e9ration des travaux pr\u00e9vus dans le cadre des JOJ, mais \u00e9galement \u00e0 la relance des chantiers inachev\u00e9s.<\/p>\n\n\n\n<p>Par ailleurs, il a invit\u00e9 le Ministre en charge des Sports \u00e0 veiller avec les minist\u00e8res impliqu\u00e9s et toutes les parties prenantes publiques (Collectivit\u00e9s territoriales, SOGIP, OGIS, f\u00e9d\u00e9rations, ONCAV, \u2026) et priv\u00e9es concern\u00e9es, \u00e0 la d\u00e9finition, selon le statut de l\u2019infrastructure, d\u2019un cadre r\u00e9glementaire de gouvernance des infrastructures sportives. Il a 2 demand\u00e9 au Premier Ministre et au Ministre en charge des Sports d\u2019acc\u00e9l\u00e9rer l\u2019adoption prochaine en Conseil des Ministres, de la Charte du Sport.<\/p>\n\n\n\n<p>Au titre de son agenda diplomatique, le Chef de l\u2019Etat est revenu sur sa participation, du 30 juin au 02 juillet 2025 \u00e0 S\u00e9ville, en Espagne, \u00e0 la 4\u00e8me Conf\u00e9rence internationale sur le financement du d\u00e9veloppement. Cette visite a \u00e9t\u00e9 l\u2019occasion, pour le Pr\u00e9sident de la R\u00e9publique, de r\u00e9it\u00e9rer l\u2019attachement du S\u00e9n\u00e9gal \u00e0 un multilat\u00e9ralisme inclusif et d\u2019appeler \u00e0 une r\u00e9forme de la gouvernance financi\u00e8re mondiale, \u00e0 plus d\u2019\u00e9quit\u00e9 et de justice dans la gestion de la dette, \u00e0 l\u2019acc\u00e8s aux financements et \u00e0 un syst\u00e8me fiscal international r\u00e9nov\u00e9.<\/p>\n\n\n\n<p>Dans sa communication, le Premier Ministre a rappel\u00e9 la forte tradition d\u2019attachement du S\u00e9n\u00e9gal \u00e0 la coop\u00e9ration \u00e9conomique internationale bas\u00e9e sur nos valeurs traditionnelles, l\u2019ouverture, la souverainet\u00e9 nationale, la diplomatie de bon voisinage, la consolidation des relations avec les partenaires traditionnels et la recherche d\u2019opportunit\u00e9s avec de nouveaux partenaires. Le Premier Ministre a fait le point sur ses visites de travail et d\u2019amiti\u00e9 en Afrique et en Asie. Par ailleurs, il a rappel\u00e9 la directive pr\u00e9sidentielle lui confiant la mission de mener \u00e0 bien la coop\u00e9ration avec les pays et entit\u00e9s du Proche et Moyen Orient et du reste de l\u2019Asie.<\/p>\n\n\n\n<p>Pour une meilleure prise en charge de ces nouvelles attributions, un projet de d\u00e9cret relatif \u00e0 l\u2019organisation et au fonctionnement de la Primature pr\u00e9voit l\u2019\u00e9rection d\u2019une Cellule d\u00e9di\u00e9e. Il s\u2019agit d\u2019assurer une meilleure coordination de notre partenariat avec l\u2019\u00e9tranger, en vue de contribuer \u00e0 la gestion des relations internationales et la promotion des \u00e9changes, notamment dans les domaines \u00e9conomique, social, culturel et environnemental. Cette nouvelle structure va consolider notre diplomatie \u00e9conomique, accompagner plus efficacement notre secteur priv\u00e9 et promouvoir la transparence pour un d\u00e9veloppement durable et souverain.<\/p>\n\n\n\n<p>Le Premier Ministre est revenu sur l\u2019importance d\u2019apporter une d\u00e9marche innovante \u00e0 notre diplomatie. A ce titre, le projet de jumelage envisag\u00e9 entre des provinces chinoises et les huit p\u00f4les territoires du S\u00e9n\u00e9gal en constitue une illustration parfaite. Le Premier Ministre est revenu sur les \u00e9v\u00e8nements tragiques enregistr\u00e9s \u00e0 Camb\u00e9r\u00e8ne et \u00e0 Rosso et ayant entrain\u00e9 des pertes en vies humaines. Les Forces de D\u00e9fense et de S\u00e9curit\u00e9 ont pour mission principale de garantir la s\u00e9curit\u00e9 des personnes et des biens et de veiller \u00e0 la pr\u00e9servation de l\u2019ordre public. Cette mission doit n\u00e9anmoins s\u2019\u00e9carter de tout acte de torture et de traitement inhumain d\u00e9gradant dont les populations pourraient \u00eatre victimes.<\/p>\n\n\n\n<p>Conform\u00e9ment aux instructions du Pr\u00e9sident de la R\u00e9publique, le Premier Ministre a demand\u00e9 aux Ministres en charge de l\u2019Int\u00e9rieur et des Forces arm\u00e9es, de proc\u00e9der \u00e0 un audit \u00e0 soumettre au plus tard le 30 novembre 2025 et \u00e0 une revue totale de la formation des Forces de D\u00e9fense et de S\u00e9curit\u00e9, afin de concilier, pour tout type d\u2019op\u00e9ration, la rigueur de la force 3 publique aux exigences des droits et de la dignit\u00e9 des citoyens, dans la d\u00e9finition des r\u00e8gles d\u2019engagement.<\/p>\n\n\n\n<p>AU TITRE DES COMMUNICATIONS DES MINISTRES : &#8211; le Ministre aupr\u00e8s du Pr\u00e9sident de la R\u00e9publique charg\u00e9 du suivi du pilotage et de l\u2019\u00e9valuation de l\u2019Agenda national de Transformation \u201cS\u00e9n\u00e9gal 2050\u201d a fait une communication sur le pilotage strat\u00e9gique de l\u2019Agenda national de Transformation.<\/p>\n","protected":false},"excerpt":{"rendered":"<p>Le Chef de l\u2019Etat, Son Excellence, Monsieur Bassirou Diomaye Diakhar FAYE a pr\u00e9sid\u00e9, ce jeudi 03 juillet 2025, la r\u00e9union<\/p>\n","protected":false},"author":1,"featured_media":54699,"comment_status":"open","ping_status":"open","sticky":false,"template":"","format":"standard","meta":{"footnotes":""},"categories":[6],"tags":[],"class_list":["post-59280","post","type-post","status-publish","format-standard","has-post-thumbnail","hentry","category-politics"],"_links":{"self":[{"href":"https:\/\/dekkbi.com\/index.php?rest_route=\/wp\/v2\/posts\/59280","targetHints":{"allow":["GET"]}}],"collection":[{"href":"https:\/\/dekkbi.com\/index.php?rest_route=\/wp\/v2\/posts"}],"about":[{"href":"https:\/\/dekkbi.com\/index.php?rest_route=\/wp\/v2\/types\/post"}],"author":[{"embeddable":true,"href":"https:\/\/dekkbi.com\/index.php?rest_route=\/wp\/v2\/users\/1"}],"replies":[{"embeddable":true,"href":"https:\/\/dekkbi.com\/index.php?rest_route=%2Fwp%2Fv2%2Fcomments&post=59280"}],"version-history":[{"count":1,"href":"https:\/\/dekkbi.com\/index.php?rest_route=\/wp\/v2\/posts\/59280\/revisions"}],"predecessor-version":[{"id":59281,"href":"https:\/\/dekkbi.com\/index.php?rest_route=\/wp\/v2\/posts\/59280\/revisions\/59281"}],"wp:featuredmedia":[{"embeddable":true,"href":"https:\/\/dekkbi.com\/index.php?rest_route=\/wp\/v2\/media\/54699"}],"wp:attachment":[{"href":"https:\/\/dekkbi.com\/index.php?rest_route=%2Fwp%2Fv2%2Fmedia&parent=59280"}],"wp:term":[{"taxonomy":"category","embeddable":true,"href":"https:\/\/dekkbi.com\/index.php?rest_route=%2Fwp%2Fv2%2Fcategories&post=59280"},{"taxonomy":"post_tag","embeddable":true,"href":"https:\/\/dekkbi.com\/index.php?rest_route=%2Fwp%2Fv2%2Ftags&post=59280"}],"curies":[{"name":"wp","href":"https:\/\/api.w.org\/{rel}","templated":true}]}}