{"id":59259,"date":"2025-07-04T09:08:45","date_gmt":"2025-07-04T09:08:45","guid":{"rendered":"https:\/\/dekkbi.com\/?p=59259"},"modified":"2025-07-04T09:41:29","modified_gmt":"2025-07-04T09:41:29","slug":"culture-thionck-essyl-prepare-son-grand-festival","status":"publish","type":"post","link":"https:\/\/dekkbi.com\/?p=59259","title":{"rendered":"Culture: La commune de Thionck Essyl (Bignona) pr\u00e9pare son grand festival"},"content":{"rendered":"\n<p><strong>La commune de Thionck Essyl, nich\u00e9e au c\u0153ur du d\u00e9partement de Bignona, franchit un cap d\u00e9cisif dans sa qu\u00eate de d\u00e9veloppement territorial. En 2026, elle accueillera son premier festival culturel, une initiative ambitieuse port\u00e9e par la municipalit\u00e9 et les acteurs locaux pour faire de la culture un v\u00e9ritable moteur \u00e9conomique, touristique et identitaire.<\/strong><\/p>\n\n\n\n<p>BIGNONA&nbsp;\u2013 Thionck Essyl ne souhaite plus seulement exporter ses talents. Cette collectivit\u00e9 territoriale veut d\u00e9sormais accueillir le monde. Ladite commune, situ\u00e9e au c\u0153ur de la capitale d\u00e9partementale du Fogny, s\u2019appr\u00eate \u00e0 marquer les esprits avec le lancement officiel de son premier festival culturel, pr\u00e9vu pour 2026. Si la municipalit\u00e9 a \u00e9t\u00e9 \u00e0 l\u2019origine du projet, le maire Souleymane Diatta a tenu \u00e0 souligner que ce festival est avant tout le fruit d\u2019un engagement fort des acteurs culturels de la commune.<\/p>\n\n\n\n<p>\u00ab\u2009Ce sont eux les v\u00e9ritables artisans de cette initiative. Ils ont pris le leadership pour faire \u00e9merger ce projet qui d\u00e9passe le simple cadre institutionnel\u2009\u00bb, a pr\u00e9cis\u00e9 Souleymane Diatta. Ce rendez-vous artistique et festif se veut plus qu\u2019un \u00e9v\u00e9nement. \u00c0 son avis, ce festival incarne la volont\u00e9 de positionner Thionck Essyl sur la carte des grands p\u00f4les culturels du S\u00e9n\u00e9gal.<\/p>\n\n\n\n<p>L\u2019ambition de ce festival est claire : mettre en lumi\u00e8re la richesse du patrimoine local en s\u2019appuyant sur la musique, la danse, le th\u00e9\u00e2tre, les arts visuels et le cin\u00e9ma, tout en s\u2019ouvrant aux influences du monde. Une vision qui n\u2019est pas sans rappeler l\u2019id\u00e9al du pr\u00e9sident-po\u00e8te L\u00e9opold S\u00e9dar Senghor, pour qui la culture \u00e9tait l\u2019\u00e2me du d\u00e9veloppement. \u00ab\u2009Thionck Essyl a toujours export\u00e9 sa culture.<\/p>\n\n\n\n<p>Aujourd\u2019hui, c\u2019est au monde de venir la d\u00e9couvrir ici, chez nous\u2009\u00bb, s\u2019est empress\u00e9 d\u2019ajouter Souleymane Diatta. Au-del\u00e0 de sa port\u00e9e artistique, le festival est con\u00e7u comme un outil de d\u00e9veloppement local. En cr\u00e9ant une dynamique \u00e9conomique autour de l\u2019\u00e9v\u00e9nement (h\u00e9bergement, artisanat, gastronomie, services\u2026), les autorit\u00e9s municipales entendent stimuler l\u2019\u00e9conomie de la commune et renforcer l\u2019attractivit\u00e9 du territoire.<\/p>\n\n\n\n<p>Thionck Essyl souhaite ainsi devenir une destination \u00e0 part enti\u00e8re, construite sur ses atouts identitaires. Des partenaires tels que \u00ab\u2009Goorgorlou\u2009\u00bb, \u00ab\u2009Bakalama\u2009\u00bb ou encore le Mouvement des cultures urbaines de Thionck Essyl (Mcut) ont d\u00e9j\u00e0 rejoint l\u2019initiative, apportant leur expertise et leur r\u00e9seau.<\/p>\n\n\n\n<p>La municipalit\u00e9 \u0153uvre \u00e9galement pour inscrire officiellement le festival dans l\u2019agenda culturel national. \u00c0 terme, la commune souhaite voir le festival port\u00e9 de mani\u00e8re autonome par les professionnels du secteur culturel. \u00ab\u2009L\u2019objectif est d\u2019ancrer durablement ce festival dans le paysage national, qu\u2019il vive au-del\u00e0 des mandats, avec le soutien de la mairie, mais sans d\u00e9pendance\u2009\u00bb, a conclu Souleymane Diatta.<\/p>\n\n\n\n<p><strong>Gaustin DIATTA (Correspondant)<\/strong> &#8211; LESOLEIL<\/p>\n","protected":false},"excerpt":{"rendered":"<p>La commune de Thionck Essyl, nich\u00e9e au c\u0153ur du d\u00e9partement de Bignona, franchit un cap d\u00e9cisif dans sa qu\u00eate de<\/p>\n","protected":false},"author":1,"featured_media":59260,"comment_status":"open","ping_status":"open","sticky":false,"template":"","format":"standard","meta":{"footnotes":""},"categories":[26],"tags":[],"class_list":["post-59259","post","type-post","status-publish","format-standard","has-post-thumbnail","hentry","category-fait-divers"],"_links":{"self":[{"href":"https:\/\/dekkbi.com\/index.php?rest_route=\/wp\/v2\/posts\/59259","targetHints":{"allow":["GET"]}}],"collection":[{"href":"https:\/\/dekkbi.com\/index.php?rest_route=\/wp\/v2\/posts"}],"about":[{"href":"https:\/\/dekkbi.com\/index.php?rest_route=\/wp\/v2\/types\/post"}],"author":[{"embeddable":true,"href":"https:\/\/dekkbi.com\/index.php?rest_route=\/wp\/v2\/users\/1"}],"replies":[{"embeddable":true,"href":"https:\/\/dekkbi.com\/index.php?rest_route=%2Fwp%2Fv2%2Fcomments&post=59259"}],"version-history":[{"count":2,"href":"https:\/\/dekkbi.com\/index.php?rest_route=\/wp\/v2\/posts\/59259\/revisions"}],"predecessor-version":[{"id":59278,"href":"https:\/\/dekkbi.com\/index.php?rest_route=\/wp\/v2\/posts\/59259\/revisions\/59278"}],"wp:featuredmedia":[{"embeddable":true,"href":"https:\/\/dekkbi.com\/index.php?rest_route=\/wp\/v2\/media\/59260"}],"wp:attachment":[{"href":"https:\/\/dekkbi.com\/index.php?rest_route=%2Fwp%2Fv2%2Fmedia&parent=59259"}],"wp:term":[{"taxonomy":"category","embeddable":true,"href":"https:\/\/dekkbi.com\/index.php?rest_route=%2Fwp%2Fv2%2Fcategories&post=59259"},{"taxonomy":"post_tag","embeddable":true,"href":"https:\/\/dekkbi.com\/index.php?rest_route=%2Fwp%2Fv2%2Ftags&post=59259"}],"curies":[{"name":"wp","href":"https:\/\/api.w.org\/{rel}","templated":true}]}}