{"id":59239,"date":"2025-07-03T11:50:52","date_gmt":"2025-07-03T11:50:52","guid":{"rendered":"https:\/\/dekkbi.com\/?p=59239"},"modified":"2025-07-03T11:50:52","modified_gmt":"2025-07-03T11:50:52","slug":"dopage-la-decision-du-cng-de-lutte-pour-sauver-le-combat-balla-gaye-2-siteu","status":"publish","type":"post","link":"https:\/\/dekkbi.com\/?p=59239","title":{"rendered":"DOPAGE: la d\u00e9cision du CNG de lutte pour sauver le combat Balla Gaye 2\u2013Siteu"},"content":{"rendered":"\n<p><a href=\"javascript:updateFontSize(1)\"><\/a>iGFM (Dakar) Le Comit\u00e9 National de Gestion (CNG) de la lutte a tenu un point de presse, ce 2 juillet 2025, dans ses locaux \u00e0 l\u2019Ar\u00e8ne nationale de Pikine.<\/p>\n\n\n\n<p>Selon nos confr\u00e8res du Soleil, le CNG compte engager \u00ab des avocats pour trouver des voies et moyens \u00bb afin que le combat entre Balla Gaye 2 et Siteu puisse effectivement se tenir le dimanche 20 juillet. Et d&rsquo;ajouter que Malick NGOM Malick a pr\u00e9cis\u00e9 que le promoteur Baye Ndiaye (AlbourakhEvents) a officialis\u00e9 ledit combat le 9 janvier 2025, au moment o\u00f9 il n\u2019y avait aucune proc\u00e9dure antidopage concernant le lutteur Siteu.<br><br>Au cours de ce face-\u00e0-face avec la presse, le pr\u00e9sident du CNG a profit\u00e9 de l\u2019occasion pour apporter des \u00e9clairages sur la proc\u00e9dure de l\u2019Organisation r\u00e9gionale Antidopage Afrique (ORADA) zones 1 et 2 qui a suspendu pour deux ans le lutteur Moustapha Senghor dit Siteu pour violation des r\u00e8gles antidopage et son manager Maguette Mbergane dit Max Mbargane pour complicit\u00e9 de refus du test.<\/p>\n\n\n\n<p>Le patron de la lutte a ainsi reconnu que l\u2019ORADA leur a effectivement envoy\u00e9 le courrier de la d\u00e9cision de leur suspension, qu\u2019ils ont r\u00e9ceptionn\u00e9 le samedi 28 juin 2025, exactement \u00e0 19h26, concluent nos confr\u00e8res du jourbal Le Soleil.<\/p>\n","protected":false},"excerpt":{"rendered":"<p>iGFM (Dakar) Le Comit\u00e9 National de Gestion (CNG) de la lutte a tenu un point de presse, ce 2 juillet<\/p>\n","protected":false},"author":1,"featured_media":49782,"comment_status":"open","ping_status":"open","sticky":false,"template":"","format":"standard","meta":{"footnotes":""},"categories":[9],"tags":[],"class_list":["post-59239","post","type-post","status-publish","format-standard","has-post-thumbnail","hentry","category-sports"],"_links":{"self":[{"href":"https:\/\/dekkbi.com\/index.php?rest_route=\/wp\/v2\/posts\/59239","targetHints":{"allow":["GET"]}}],"collection":[{"href":"https:\/\/dekkbi.com\/index.php?rest_route=\/wp\/v2\/posts"}],"about":[{"href":"https:\/\/dekkbi.com\/index.php?rest_route=\/wp\/v2\/types\/post"}],"author":[{"embeddable":true,"href":"https:\/\/dekkbi.com\/index.php?rest_route=\/wp\/v2\/users\/1"}],"replies":[{"embeddable":true,"href":"https:\/\/dekkbi.com\/index.php?rest_route=%2Fwp%2Fv2%2Fcomments&post=59239"}],"version-history":[{"count":1,"href":"https:\/\/dekkbi.com\/index.php?rest_route=\/wp\/v2\/posts\/59239\/revisions"}],"predecessor-version":[{"id":59240,"href":"https:\/\/dekkbi.com\/index.php?rest_route=\/wp\/v2\/posts\/59239\/revisions\/59240"}],"wp:featuredmedia":[{"embeddable":true,"href":"https:\/\/dekkbi.com\/index.php?rest_route=\/wp\/v2\/media\/49782"}],"wp:attachment":[{"href":"https:\/\/dekkbi.com\/index.php?rest_route=%2Fwp%2Fv2%2Fmedia&parent=59239"}],"wp:term":[{"taxonomy":"category","embeddable":true,"href":"https:\/\/dekkbi.com\/index.php?rest_route=%2Fwp%2Fv2%2Fcategories&post=59239"},{"taxonomy":"post_tag","embeddable":true,"href":"https:\/\/dekkbi.com\/index.php?rest_route=%2Fwp%2Fv2%2Ftags&post=59239"}],"curies":[{"name":"wp","href":"https:\/\/api.w.org\/{rel}","templated":true}]}}