{"id":59215,"date":"2025-07-03T10:32:47","date_gmt":"2025-07-03T10:32:47","guid":{"rendered":"https:\/\/dekkbi.com\/?p=59215"},"modified":"2025-07-03T10:32:48","modified_gmt":"2025-07-03T10:32:48","slug":"assemblee-generale-elective-de-la-fsf-la-commission-electorale-fixe-les-regles","status":"publish","type":"post","link":"https:\/\/dekkbi.com\/?p=59215","title":{"rendered":"Assembl\u00e9e g\u00e9n\u00e9rale \u00e9lective de la FSF : la commission \u00e9lectorale fixe les r\u00e8gles"},"content":{"rendered":"\n<p><strong>Par un communiqu\u00e9, la commission \u00e9lectorale de l\u2019assembl\u00e9e g\u00e9n\u00e9rale \u00e9lective de la F\u00e9d\u00e9ration S\u00e9n\u00e9galaise de Football (FSF) a r\u00e9v\u00e9l\u00e9 les r\u00e8gles r\u00e9gissant l\u2019\u00e9lection du pr\u00e9sident et les seize (16) membres du Comit\u00e9 ex\u00e9cutif (COMEX), pr\u00e9cisant que ces derniers sont \u00e9lus par l\u2019assembl\u00e9e g\u00e9n\u00e9rale.<\/strong><\/p>\n\n\n\n<p>Ainsi, concernant, le poste du Pr\u00e9sident, la commission indique que&nbsp;<em>\u00abseuls les membres de la f\u00e9d\u00e9ration sont habilit\u00e9s \u00e0 proposer des candidatures.\u00bb&nbsp;<\/em>Par ailleurs, s\u2019agissant du candidat \u00e0 l\u2019\u00e9lection du Comit\u00e9 ex\u00e9cutif (COMEX),&nbsp;<em>\u00abil est propos\u00e9 par un membre de son coll\u00e8ge ou de sa cat\u00e9gorie\u00bb,&nbsp;<\/em>a-t-elle soulign\u00e9, avant de pr\u00e9ciser que&nbsp;<em>\u00abLes candidats \u00e0 l\u2019\u00e9lection ne doivent pas \u00eatre \u00e2g\u00e9s de moins de 21 ans et de plus de 80 ans\u00bb<\/em>.<\/p>\n\n\n\n<p>Aussi, ajoute-t-elle, l\u2019instance \u00e9lectorale&nbsp;<em>\u00abIls doivent r\u00e9sider sur le territoire s\u00e9n\u00e9galais, avoir travaill\u00e9 dans le football et n\u2019avoir fait l\u2019objet d\u2019aucune condamnation correctionnelle ou criminelle.\u00bb<\/em><\/p>\n\n\n\n<p>Cependant, la date limite \u00e9tant fix\u00e9e le 24 juin puis prorog\u00e9e dans le courant du m\u00eame mois, la commission \u00e9lectorale indique qu\u2019\u00e0 la date du 28 juin,&nbsp;<em>\u00absept (07) candidatures ont \u00e9t\u00e9 enregistr\u00e9 pour le poste de pr\u00e9sident de la FSF, quatre (04) candidatures pour le poste de pr\u00e9sident de la LSFP, sept (07), candidatures pour le poste de pr\u00e9sident LFA, cinq (05) candidatures pour le poste du pr\u00e9sident du coll\u00e8ge des pr\u00e9sidents de Ligues, sept (07) candidatures au poste de 5<sup>\u00e8me<\/sup>&nbsp;vice-pr\u00e9sident de la FSF, cinq candidatures pour les repr\u00e9sentants des clubs de Ligue 1, six candidatures des repr\u00e9sentants des Clubs de Ligue 2, vingt-deux pour les repr\u00e9sentants des Clubs du championnat national Amateur\u2026\u00bb<\/em><\/p>\n\n\n\n<p>La commission \u00e9lectorale rappelle toutefois que cette d\u00e9cision&nbsp;<em>\u00abrev\u00eat un caract\u00e8re provisoire et qu\u2019en vertu des dispositions du Code \u00e9lectoral de la FSF, le droit au recours est ouvert aux fins de saisine de la commission de recours de la FSF, dans un d\u00e9lai de 48 heures (du 03 au 05 juillet 2025), \u00e0 compter de la pr\u00e9sente publication\u00bb<\/em>, lit-on dans un communiqu\u00e9 en date du 2 juillet.<\/p>\n\n\n\n<p>Il est \u00e0 noter que, par d\u00e9cision du Comit\u00e9 ex\u00e9cutif du 22 mai 2025, ratifi\u00e9e par l\u2019AGO de la F\u00e9d\u00e9ration le 22 mai 2025, la date de l\u2019assembl\u00e9e g\u00e9n\u00e9rale \u00e9lective a \u00e9t\u00e9 fix\u00e9e au samedi 02 aout 2025.<\/p>\n\n\n\n<p><strong>OG<\/strong><\/p>\n\n\n\n<p><\/p>\n","protected":false},"excerpt":{"rendered":"<p>Par un communiqu\u00e9, la commission \u00e9lectorale de l\u2019assembl\u00e9e g\u00e9n\u00e9rale \u00e9lective de la F\u00e9d\u00e9ration S\u00e9n\u00e9galaise de Football (FSF) a r\u00e9v\u00e9l\u00e9 les<\/p>\n","protected":false},"author":1,"featured_media":59216,"comment_status":"open","ping_status":"open","sticky":false,"template":"","format":"standard","meta":{"footnotes":""},"categories":[9],"tags":[],"class_list":["post-59215","post","type-post","status-publish","format-standard","has-post-thumbnail","hentry","category-sports"],"_links":{"self":[{"href":"https:\/\/dekkbi.com\/index.php?rest_route=\/wp\/v2\/posts\/59215","targetHints":{"allow":["GET"]}}],"collection":[{"href":"https:\/\/dekkbi.com\/index.php?rest_route=\/wp\/v2\/posts"}],"about":[{"href":"https:\/\/dekkbi.com\/index.php?rest_route=\/wp\/v2\/types\/post"}],"author":[{"embeddable":true,"href":"https:\/\/dekkbi.com\/index.php?rest_route=\/wp\/v2\/users\/1"}],"replies":[{"embeddable":true,"href":"https:\/\/dekkbi.com\/index.php?rest_route=%2Fwp%2Fv2%2Fcomments&post=59215"}],"version-history":[{"count":1,"href":"https:\/\/dekkbi.com\/index.php?rest_route=\/wp\/v2\/posts\/59215\/revisions"}],"predecessor-version":[{"id":59217,"href":"https:\/\/dekkbi.com\/index.php?rest_route=\/wp\/v2\/posts\/59215\/revisions\/59217"}],"wp:featuredmedia":[{"embeddable":true,"href":"https:\/\/dekkbi.com\/index.php?rest_route=\/wp\/v2\/media\/59216"}],"wp:attachment":[{"href":"https:\/\/dekkbi.com\/index.php?rest_route=%2Fwp%2Fv2%2Fmedia&parent=59215"}],"wp:term":[{"taxonomy":"category","embeddable":true,"href":"https:\/\/dekkbi.com\/index.php?rest_route=%2Fwp%2Fv2%2Fcategories&post=59215"},{"taxonomy":"post_tag","embeddable":true,"href":"https:\/\/dekkbi.com\/index.php?rest_route=%2Fwp%2Fv2%2Ftags&post=59215"}],"curies":[{"name":"wp","href":"https:\/\/api.w.org\/{rel}","templated":true}]}}