{"id":59211,"date":"2025-07-03T10:22:19","date_gmt":"2025-07-03T10:22:19","guid":{"rendered":"https:\/\/dekkbi.com\/?p=59211"},"modified":"2025-07-03T10:23:04","modified_gmt":"2025-07-03T10:23:04","slug":"mansour-faye-moustapha-diop-sophie-gladima-ces-maires-emportes-par-le-fonds-covid-19","status":"publish","type":"post","link":"https:\/\/dekkbi.com\/?p=59211","title":{"rendered":"Mansour Faye, Moustapha Diop, Sophie Gladima: Ces maires \u00abemport\u00e9s\u00bb par le Fonds Covid-19."},"content":{"rendered":"\n<p><a href=\"https:\/\/lesoleil.sn\/wp-content\/uploads\/2025\/07\/Mansour-Faye-Moustapha-Diop-et-Sophie-Gladima.jpg\"><\/a><strong>\u00c0 travers la vaccination et la sensibilisation, le monde est parvenu \u00e0 prendre le dessus sur le Covid-19, mais au S\u00e9n\u00e9gal, la pand\u00e9mie continue de faire des victimes avec l\u2019emprisonnement de plusieurs responsables de l\u2019ancien r\u00e9gime.<\/strong><\/p>\n\n\n\n<p>Mansour Faye, Moustapha Diop et Sophie Gladima, respectivement maires de Saint-Louis, Louga et Joal, sont actuellement sous le coup d\u2019inculpations pour d\u00e9tournement de deniers publics. Il leur est reproch\u00e9 d\u2019avoir mal g\u00e9r\u00e9 le fonds Force Covid-19.<\/p>\n\n\n\n<p>\u00abNous avons fait une offre de cautionnement, mais elle n\u2019a pas \u00e9t\u00e9 respect\u00e9e. \u00bb C\u2019est par ces mots que Me Amadou Sall, l\u2019un des avocats d\u2019Amadou Mansour Faye, ancien ministre du D\u00e9veloppement communautaire, de l\u2019\u00c9quit\u00e9 sociale et territoriale, a r\u00e9v\u00e9l\u00e9 \u00e0 la presse le placement sous mandat de d\u00e9p\u00f4t de son client.<\/p>\n\n\n\n<p><strong>Le maire de Saint-Louis envoy\u00e9 \u00e0 la Mac de Rebeuss<\/strong><\/p>\n\n\n\n<p>Lundi 26 mai dernier, apr\u00e8s sa comparution devant la Haute Cour de justice r\u00e9cemment mise en place, l\u2019actuel maire de Saint-Louis a \u00e9t\u00e9 envoy\u00e9 \u00e0 la Mac de Rebeuss. Il est accus\u00e9 de plusieurs d\u00e9lits, notamment \u00ab d\u2019association de malfaiteurs, de concussion, de corruption, de prise ill\u00e9gale d\u2019int\u00e9r\u00eats, de faux et usage de faux en \u00e9critures priv\u00e9es de commerce ou de banque, de d\u00e9tournement de deniers publics, de blanchiment de capitaux \u00bb, ainsi que de \u00ab complicit\u00e9 \u00bb.<\/p>\n\n\n\n<p>Il lui est reproch\u00e9 de pr\u00e9sum\u00e9es \u00ab infractions financi\u00e8res \u00bb li\u00e9es \u00e0 sa gestion des fonds Force Covid-19 allou\u00e9s \u00e0 son minist\u00e8re dans le cadre du Programme de r\u00e9silience \u00e9conomique et sociale de 2,7 milliards de FCfa. Il est le cinqui\u00e8me ministre de l\u2019ancien r\u00e9gime \u00e0 faire l\u2019objet de poursuites devant la Haute Cour de justice.<\/p>\n\n\n\n<p><strong>Moustapha Diop, en d\u00e9tention pr\u00e9ventive<\/strong><\/p>\n\n\n\n<p>Son ancien coll\u00e8gue au gouvernement, Moustapha Diop, est lui aussi en d\u00e9tention pr\u00e9ventive apr\u00e8s son face-\u00e0-face avec la commission d\u2019instruction de la Haute Cour de justice. Il est reproch\u00e9 au maire de Louga un d\u00e9tournement pr\u00e9sum\u00e9 de plusieurs centaines de millions de Fcfa dans le cadre de la gestion des fonds destin\u00e9s \u00e0 la lutte contre le Covid-19.<\/p>\n\n\n\n<p>Il rejoint ainsi en prison son ancienne Directrice de l\u2019administration g\u00e9n\u00e9rale et de l\u2019\u00e9quipement (Dage), Nd\u00e8ye Aminata Loum, inculp\u00e9e quelques semaines plus t\u00f4t pour les m\u00eames faits par le juge du 2\u1d49 cabinet du tribunal de Dakar. Le minist\u00e8re du D\u00e9veloppement industriel et des Petites et moyennes entreprises, dirig\u00e9 par Moustapha Diop, avait re\u00e7u 2,5 milliards de FCfa pour l\u2019acquisition de masques, lors de la pand\u00e9mie de Covid-19.<\/p>\n\n\n\n<p>Un montant initialement vers\u00e9 sur le compte de d\u00e9p\u00f4t intitul\u00e9 \u00ab Fonds d\u2019appui \u00e0 la promotion des Petites et moyennes entreprises \u00bb \u00e0 la Tr\u00e9sorerie g\u00e9n\u00e9rale, puis transf\u00e9r\u00e9 sur un compte ouvert \u00e0 la Bank of Africa (Boa) par le minist\u00e8re.<\/p>\n\n\n\n<p><strong>Des retraits de ch\u00e8ques \u00e0 la Boa, variant entre 50 et 100 millions de FCfa<\/strong><\/p>\n\n\n\n<p>Interrog\u00e9 par la commission d\u2019instruction, Mouhamadou Bamba Amar, pr\u00e9sent\u00e9 comme aide-comptable mais qui est en r\u00e9alit\u00e9 un m\u00e9canicien, confirme avoir effectu\u00e9 plusieurs retraits de ch\u00e8ques \u00e0 la Boa, variant entre 50 millions et 100 millions de FCfa, jusqu\u2019\u00e0 atteindre la somme totale de 2,5 milliards de FCfa.<\/p>\n\n\n\n<p>Un autre ministre de Macky Sall \u00e0 \u00eatre emprisonn\u00e9 dans le cadre de la gestion du fonds Force Covid-19, c\u2019est la mairesse de Joal, A\u00efssatou Sophie Gladima. Cette derni\u00e8re a plusieurs fois clam\u00e9 son innocence devant la Haute Cour, mais elle a \u00e9t\u00e9 mise sous mandat de d\u00e9p\u00f4t le 21 mai dernier. Elle est accus\u00e9e de d\u00e9tournement pr\u00e9sum\u00e9 de deniers publics, portant sur la somme d\u2019un milliard allou\u00e9e \u00e0 la construction d\u2019un centre de gravim\u00e9trie \u00e0 K\u00e9dougou, qui n\u2019a jamais vu le jour. Ceci, malgr\u00e9 un d\u00e9caissement partiel\u2026<\/p>\n\n\n\n<p><strong>\u00ab Nous allons nous battre\u2026 \u00bb<\/strong><\/p>\n\n\n\n<p>Ainsi, la mairesse de Joal, tout comme ses coll\u00e8gues de Saint-Louis et Louga, a pass\u00e9 la Tabaski \u00e0 la prison de Libert\u00e9 6, o\u00f9 elle est incarc\u00e9r\u00e9e. Avant eux, c\u2019est leur coll\u00e8gue d\u00e9put\u00e9-maire des Agnam, Mouhamadou Ngom, dit Farba, qui est pass\u00e9 \u00e0 la trappe. Homme de confiance de l\u2019ancien pr\u00e9sident Macky Sall, M. Ngom est soup\u00e7onn\u00e9 d\u2019\u00eatre impliqu\u00e9 dans l\u2019affaire portant sur des transactions suspectes estim\u00e9es \u00e0 125 milliards de FCfa et r\u00e9v\u00e9l\u00e9e par un rapport de la Cellule nationale de traitement des informations financi\u00e8res (Centif).<\/p>\n\n\n\n<p>Son pool d\u2019avocats, compos\u00e9 de t\u00e9nors du barreau de Dakar, notamment Mes Doudou Ndoye, Baboucar Ciss\u00e9, Alassane Ciss\u00e9, El Hadj Diouf et Ousmane Thiam, n\u2019a pu emp\u00eacher son inculpation par le P\u00f4le financier judiciaire (Pfj) pour escroquerie sur des deniers publics portant sur 31 milliards de Fcfa, de blanchiment de capitaux et d\u2019association de malfaiteurs.<\/p>\n\n\n\n<p>\u00ab Nous allons nous battre pour montrer au monde les grandes irr\u00e9gularit\u00e9s qui ont gouvern\u00e9 cette proc\u00e9dure jusqu\u2019\u00e0 l\u2019emprisonnement de Farba Ngom \u00bb, avait r\u00e9agi Me Doudou Ndoye apr\u00e8s avoir pris connaissance du sort r\u00e9serv\u00e9 \u00e0 son client.<\/p>\n\n\n\n<p><strong>Par Maguette NDONG<\/strong><br>LESOLEIL<\/p>\n","protected":false},"excerpt":{"rendered":"<p>\u00c0 travers la vaccination et la sensibilisation, le monde est parvenu \u00e0 prendre le dessus sur le Covid-19, mais au<\/p>\n","protected":false},"author":1,"featured_media":59212,"comment_status":"open","ping_status":"open","sticky":false,"template":"","format":"standard","meta":{"footnotes":""},"categories":[6],"tags":[],"class_list":["post-59211","post","type-post","status-publish","format-standard","has-post-thumbnail","hentry","category-politics"],"_links":{"self":[{"href":"https:\/\/dekkbi.com\/index.php?rest_route=\/wp\/v2\/posts\/59211","targetHints":{"allow":["GET"]}}],"collection":[{"href":"https:\/\/dekkbi.com\/index.php?rest_route=\/wp\/v2\/posts"}],"about":[{"href":"https:\/\/dekkbi.com\/index.php?rest_route=\/wp\/v2\/types\/post"}],"author":[{"embeddable":true,"href":"https:\/\/dekkbi.com\/index.php?rest_route=\/wp\/v2\/users\/1"}],"replies":[{"embeddable":true,"href":"https:\/\/dekkbi.com\/index.php?rest_route=%2Fwp%2Fv2%2Fcomments&post=59211"}],"version-history":[{"count":2,"href":"https:\/\/dekkbi.com\/index.php?rest_route=\/wp\/v2\/posts\/59211\/revisions"}],"predecessor-version":[{"id":59214,"href":"https:\/\/dekkbi.com\/index.php?rest_route=\/wp\/v2\/posts\/59211\/revisions\/59214"}],"wp:featuredmedia":[{"embeddable":true,"href":"https:\/\/dekkbi.com\/index.php?rest_route=\/wp\/v2\/media\/59212"}],"wp:attachment":[{"href":"https:\/\/dekkbi.com\/index.php?rest_route=%2Fwp%2Fv2%2Fmedia&parent=59211"}],"wp:term":[{"taxonomy":"category","embeddable":true,"href":"https:\/\/dekkbi.com\/index.php?rest_route=%2Fwp%2Fv2%2Fcategories&post=59211"},{"taxonomy":"post_tag","embeddable":true,"href":"https:\/\/dekkbi.com\/index.php?rest_route=%2Fwp%2Fv2%2Ftags&post=59211"}],"curies":[{"name":"wp","href":"https:\/\/api.w.org\/{rel}","templated":true}]}}