{"id":59207,"date":"2025-07-03T10:08:12","date_gmt":"2025-07-03T10:08:12","guid":{"rendered":"https:\/\/dekkbi.com\/?p=59207"},"modified":"2025-07-03T10:12:47","modified_gmt":"2025-07-03T10:12:47","slug":"apres-la-fermeture-du-cimetiere-abattoirs-de-soumbedioune-la-ville-de-dakar-envisage-sa-reouverture","status":"publish","type":"post","link":"https:\/\/dekkbi.com\/?p=59207","title":{"rendered":"Apr\u00e8s la fermeture du cimeti\u00e8re abattoirs de Soumb\u00e9dioune: La Ville de Dakar envisage sa r\u00e9ouverture"},"content":{"rendered":"\n<p><strong>Dans un entretien accord\u00e9 au Soleil, le directeur des services techniques de la Ville de Dakar, Cheikh Oumar El Foutiyou B\u00e2, est revenu sur la gestion des cimeti\u00e8res. Il a \u00e9voqu\u00e9 la possibilit\u00e9 de rouvrir celui de Soumb\u00e9dioune, commun\u00e9ment appel\u00e9 Abattoirs, 50 ans apr\u00e8s sa fermeture. Cela, pour faire face \u00e0 la pression not\u00e9e dans le foncier fun\u00e9raire de la capitale.<\/strong><\/p>\n\n\n\n<p>Cheikh Oumar El Foutiyou B\u00e2, directeur des services techniques de la Ville de Dakar, a \u00e9voqu\u00e9, lors d\u2019un entretien accord\u00e9 au Soleil, la pression fonci\u00e8re, dont sont victimes les cimeti\u00e8res, dans la capitale. Il a \u00e9voqu\u00e9 des m\u00e9canismes \u00e0 mettre en \u0153uvre pour continuer \u00e0 enterrer des morts dans le d\u00e9partement de Dakar.<\/p>\n\n\n\n<p>Pour lui, \u00abil y a la possibilit\u00e9 de rouvrir le cimeti\u00e8re de Soumb\u00e9dioune, parce que le d\u00e9lai de 50 ans est \u00e9puis\u00e9\u00bb. Mais avant, pense-t-il, il faudra discuter avec les familles des d\u00e9funts enterr\u00e9s l\u00e0-bas, la collectivit\u00e9 l\u00e9bou notamment, le groupe qui g\u00e8re l\u2019aspect culturel du cimeti\u00e8re, pour arriver \u00e0 une d\u00e9cision consensuelle.<\/p>\n\n\n\n<p><strong>Le cimeti\u00e8re de Soumb\u00e9dioune ferm\u00e9 depuis 1974<\/strong><\/p>\n\n\n\n<p>Le fonctionnaire de la Ville de Dakar a rappel\u00e9 que le cimeti\u00e8re de Soumb\u00e9dioune a \u00e9t\u00e9 ferm\u00e9 depuis 1974. Actuellement, \u00able d\u00e9lai est \u00e9puis\u00e9 et l\u2019on peut penser \u00e0 sa r\u00e9ouverture comme solution alternative \u00e0 l\u2019absence d\u2019espace que nous notons dans le d\u00e9partement de Dakar\u00bb, pense M. B\u00e2.<\/p>\n\n\n\n<p>Cette approche, dans la gestion du foncier fun\u00e9raire, peut m\u00eame \u00eatre entreprise au cimeti\u00e8re de Bel Air, a estim\u00e9 Cheikh Oumar El Foutiyou B\u00e2, car il y existe un espace o\u00f9 sont enterr\u00e9s les militaires fran\u00e7ais d\u00e9c\u00e9d\u00e9s lors de l\u2019une des guerres mondiales. Selon lui, cette surface peut \u00e9galement, en concertation avec les diff\u00e9rents acteurs, \u00eatre utilis\u00e9e pour servir de lieu de s\u00e9pulture.<\/p>\n\n\n\n<h3 class=\"wp-block-heading\">Transformer les bases fran\u00e7aises en cimeti\u00e8re<\/h3>\n\n\n\n<p>Pour le directeur des services techniques de la Ville de Dakar, \u00ab nous sommes confront\u00e9s \u00e0 une augmentation de la population et, depuis quelques ann\u00e9es, les autorit\u00e9s municipales de Dakar sont dans la r\u00e9flexion pour trouver une solution alternative \u00e0 la pression fonci\u00e8re dans les cimeti\u00e8res \u00bb.<\/p>\n\n\n\n<p>\u00ab Et c\u2019est le lieu aussi de lancer un appel aux autorit\u00e9s \u00e9tatiques, car il faut commencer \u00e0 penser \u00e0 trouver de nouvelles assiettes, \u00e0 travers l\u2019expropriation \u00bb, a soulign\u00e9 M. B\u00e2.<\/p>\n\n\n\n<p>De son avis, avec la d\u00e9mobilisation de l\u2019a\u00e9roport de Yoff, des hectares pouvaient \u00eatre r\u00e9serv\u00e9s pour un nouveau cimeti\u00e8re. Mais malheureusement, \u00ab on se rend compte que l\u2019habitat a pris le dessus sur la s\u00e9pulture \u00bb, s\u2019est-il d\u00e9sol\u00e9.<\/p>\n\n\n\n<p>Depuis quelque temps, nous assistons \u00e0 un retrait des troupes fran\u00e7aises \u00e9tablies dans la capitale. Pour l\u2019agent municipal, c\u2019est l\u2019occasion de sensibiliser les autorit\u00e9s, pour qu\u2019une partie de cet espace soit mise \u00e0 la disposition de la Ville de Dakar, pour en faire des cimeti\u00e8res.<\/p>\n\n\n\n<p>\u00ab Ces bases pourraient servir effectivement de solutions et permettront aux autorit\u00e9s de penser aux morts dans l\u2019am\u00e9nagement du territoire futur de Dakar \u00bb, a-t-il notamment dit. Car, d\u2019apr\u00e8s lui, le cimeti\u00e8re de Yoff qui couvre une superficie de 26 hectares est pratiquement plein, avec les trois quarts d\u00e9j\u00e0 consomm\u00e9s.<\/p>\n\n\n\n<p><strong>Daouda DIOUF<\/strong> &#8211; LESOLEIL<\/p>\n","protected":false},"excerpt":{"rendered":"<p>Dans un entretien accord\u00e9 au Soleil, le directeur des services techniques de la Ville de Dakar, Cheikh Oumar El Foutiyou<\/p>\n","protected":false},"author":1,"featured_media":59208,"comment_status":"open","ping_status":"open","sticky":false,"template":"","format":"standard","meta":{"footnotes":""},"categories":[26],"tags":[],"class_list":["post-59207","post","type-post","status-publish","format-standard","has-post-thumbnail","hentry","category-fait-divers"],"_links":{"self":[{"href":"https:\/\/dekkbi.com\/index.php?rest_route=\/wp\/v2\/posts\/59207","targetHints":{"allow":["GET"]}}],"collection":[{"href":"https:\/\/dekkbi.com\/index.php?rest_route=\/wp\/v2\/posts"}],"about":[{"href":"https:\/\/dekkbi.com\/index.php?rest_route=\/wp\/v2\/types\/post"}],"author":[{"embeddable":true,"href":"https:\/\/dekkbi.com\/index.php?rest_route=\/wp\/v2\/users\/1"}],"replies":[{"embeddable":true,"href":"https:\/\/dekkbi.com\/index.php?rest_route=%2Fwp%2Fv2%2Fcomments&post=59207"}],"version-history":[{"count":2,"href":"https:\/\/dekkbi.com\/index.php?rest_route=\/wp\/v2\/posts\/59207\/revisions"}],"predecessor-version":[{"id":59210,"href":"https:\/\/dekkbi.com\/index.php?rest_route=\/wp\/v2\/posts\/59207\/revisions\/59210"}],"wp:featuredmedia":[{"embeddable":true,"href":"https:\/\/dekkbi.com\/index.php?rest_route=\/wp\/v2\/media\/59208"}],"wp:attachment":[{"href":"https:\/\/dekkbi.com\/index.php?rest_route=%2Fwp%2Fv2%2Fmedia&parent=59207"}],"wp:term":[{"taxonomy":"category","embeddable":true,"href":"https:\/\/dekkbi.com\/index.php?rest_route=%2Fwp%2Fv2%2Fcategories&post=59207"},{"taxonomy":"post_tag","embeddable":true,"href":"https:\/\/dekkbi.com\/index.php?rest_route=%2Fwp%2Fv2%2Ftags&post=59207"}],"curies":[{"name":"wp","href":"https:\/\/api.w.org\/{rel}","templated":true}]}}