{"id":59196,"date":"2025-07-03T09:53:20","date_gmt":"2025-07-03T09:53:20","guid":{"rendered":"https:\/\/dekkbi.com\/?p=59196"},"modified":"2025-07-03T09:53:20","modified_gmt":"2025-07-03T09:53:20","slug":"son-proces-mis-en-delibere-bachir-garde-en-prison-jusquau-9","status":"publish","type":"post","link":"https:\/\/dekkbi.com\/?p=59196","title":{"rendered":"Son proc\u00e8s mis en d\u00e9lib\u00e9r\u00e9: Bachir gard\u00e9 en prison jusqu\u2019au 9"},"content":{"rendered":"\n<p><strong>Il n\u2019\u00e9tait pas visible que dans les t\u00e9l\u00e9visions nationales. Bachir Fofana \u00e9tait aussi audible dans des plateformes sociales de son terroir d\u2019origine, le d\u00e9partement de V\u00e9lingara en l\u2019occurrence. L\u2019arrestation du journaliste-chroniqueur a jet\u00e9 un froid dans Kibaaru bimbilaw, une plateforme de d\u00e9bats et d\u2019information qui regroupe pr\u00e8s de mille fils de cette partie de la r\u00e9gion de Kolda. Le Quotidien a tendu le micro \u00e0 quelques citoyens de cette localit\u00e9.<\/strong><\/p>\n\n\n\n<p>Combien de temps va durer le silence radio de Bachir Fofana \u00e0 Kibaaru Bimbilaw, une plateforme sociale de son d\u00e9partement d\u2019origine, V\u00e9lingara\u00a0? La r\u00e9ponse sera donn\u00e9e le 9 juillet apr\u00e8s le face-\u00e0-face avec la Justice du journaliste-chroniqueur arr\u00eat\u00e9 pour \u00abdiffusion de fausses nouvelles\u00bb. Dans l\u2019attente de ce verdict, Bachir Fofana, en plus de ses apparitions r\u00e9guli\u00e8res dans les m\u00e9dias nationales, manque \u00e0 son public de V\u00e9lingara. Car, il participait aussi \u00e0 l\u2019animation du d\u00e9bat public \u00e0 V\u00e9lingara, \u00e0 travers la plateforme de d\u00e9bats et d\u2019information susnomm\u00e9e qui regroupe pr\u00e8s de 1000 fils de ce terroir dans la r\u00e9gion de Kolda. Et il ne le faisait pas si mal. Bachir \u00e9tait bien appr\u00e9ci\u00e9 par ses concitoyens du Fouladou.<\/p>\n\n\n\n<p>Mamadou Bald\u00e9, professeur de philosophie au lyc\u00e9e Ch\u00e9rif Samsidine A\u00efdara, explique\u00a0: \u00abBachir va manquer au d\u00e9bat public de V\u00e9lingara, dans Kibaaru Bimbilaw surtout, que nous partageons. Toutefois, le d\u00e9bat continue dans la plateforme. Tout en souhaitant qu\u2019il nous retrouve vite. J\u2019ai appris \u00e0 le d\u00e9couvrir. M\u00eame si nous n\u2019avons pas de rapports, je trouve qu\u2019il a du talent, il a des aptitudes, il est tr\u00e8s ouvert, il accepte la critique, il accepte de se d\u00e9couvrir. Ce qui n\u2019est pas mauvais en soi.\u00bb Et puis, \u00abje trouve que ce n\u2019est pas forc\u00e9ment une grande expertise du point de vue juridique et d\u2019autres points de vue, mais le seul fait qu\u2019il accepte le d\u00e9bat contradictoire, que les gens l\u2019attaquent par-ci par-l\u00e0, en soi n\u2019est pas une mauvaise chose pour le d\u00e9bat public.\u00bb Un conseil pour Bachir\u00a0: \u00abIl aurait mieux fait d\u2019op\u00e9rer un d\u00e9part entre le professionnel, c\u2019est-\u00e0-dire le journaliste, et le politique. Il a, \u00e0 la fois, la casquette d\u2019un journaliste et celui d\u2019un politique. Ce qui fait que parfois, il y a comme une confusion des genres. Ce qui fait que ses adversaires politiques ne vont pas lui faciliter la t\u00e2che, d\u2019autant qu\u2019il ne leur facilite pas la t\u00e2che.\u00bb<\/p>\n\n\n\n<p>\u00abTout ce que je lui souhaite, c\u2019est de retrouver sa famille, ses enfants. L\u2019adversit\u00e9 politique pour moi \u00e7a se r\u00e8gle sur le plan politique, sur le terrain.\u00a0 Par principe, je ne suis pas pour l\u2019emprisonnement des gens pour des d\u00e9lits d\u2019opinion. Encore que l\u00e0 il s\u2019agit de d\u00e9lit de diffusion de fausses nouvelles et diffamation. M\u00eame pour \u00e7a, j\u2019ai toujours plaid\u00e9 des peines alternatives\u00a0: \u00e9viter que l\u2019inculp\u00e9 aille en prison et taper l\u00e0 o\u00f9 \u00e7a fait le plus mal, c\u2019est-\u00e0-dire \u00e0 la poche. Une forte amende pour que les gens n\u2019aillent pas en prison.\u00bb<\/p>\n\n\n\n<p>Abdoulaye Marigo, enseignant, ajoute\u00a0: \u00abBachir participe effectivement \u00e0 l\u2019animation politique dans Kibaaru Bim\u00adbilaw. Bachir affiche une posture d\u2019opposant assum\u00e9 que nous comprenons, parce qu\u2019il a perdu son emploi. Il \u00e9tait \u00e0 un poste strat\u00e9gique que les nouvelles autorit\u00e9s ont jug\u00e9 n\u00e9cessaire de reprendre et le confier \u00e0 quelqu\u2019un qui est dans la mouvance pr\u00e9sidentielle. Il a fait le choix de s\u2019opposer au r\u00e9gime et tous les choix impliquent des cons\u00e9quences. De toutes les fa\u00e7ons, nous lui souhaitons de retrouver sa famille. Bien qu\u2019\u00e9tant dans l\u2019opposition, il est bien utile dans le d\u00e9bat public local. Nous souhaitons qu\u2019il nous revienne tr\u00e8s vite. Ses d\u00e9clarations d\u2019opposant sont souvent le fruit de recherches s\u00e9rieuses. Il fait une opposition d\u2019id\u00e9es, loin des d\u00e9bats de pagnes, de pantalons et de sacs de premi\u00e8res dames que l\u2019opposition S\u00e9n\u00e9galaise a l\u2019habitude d\u2019entretenir.\u00bb<\/p>\n\n\n\n<p>Amadou Athie, enseignant, encha\u00eene : \u00abV\u00e9lingara est orphelin de Bachir, et Kibaaru est nostalgique. Bachir, dans cette plateforme, aimait partager ses connaissances, donner ses points de vue sur des sujets de politique nationale, d\u2019\u00e9conomie, de finances publiques et de la Justice. Bachir nous manque beaucoup. Il faut comprendre Bachir qui a \u00e9t\u00e9 victime d\u2019un licenciement abusif de son poste de directeur de la Communication d\u2019une soci\u00e9t\u00e9 nationale. Malgr\u00e9 ses occupations professionnelles, il aimait marquer une pause pour \u00e9clairer, apporter sa contribution dans le d\u00e9bat public, dans les groupes WhatsApp de V\u00e9lingara. Il \u00e9tait un opposant assum\u00e9 qui cherchait \u00e0 \u00e9clairer l\u2019opinion sur les contradictions du nouveau r\u00e9gime, s\u2019il y en a. Si le r\u00e9gime fait de bonnes choses, il le dit \u00e9galement. Toujours dans la courtoisie. Il a toujours d\u00e9fendu V\u00e9lingara et plaid\u00e9 pour plus d\u2019investissements \u00e0 V\u00e9lingara. Nous souhaitons qu\u2019il soit lib\u00e9r\u00e9 pour retrouver sa famille.\u00bb<\/p>\n\n\n\n<p>Abdoulaye Kand\u00e9, infirmier, rench\u00e9rit\u00a0: \u00abBachir manque dans le d\u00e9bat public local. Il est tr\u00e8s ouvert d\u2019esprit, tr\u00e8s aimable. Nous constatons dans Kibaaru Bimbilaw et dans V\u00e9lingara debout, qu\u2019il n\u2019a pas peur d\u2019affronter les co-d\u00e9batteurs. Il argumentait et apportait les preuves de ce qu\u2019il avan\u00e7ait. Il est hyper pertinent. A chaque fois qu\u2019il y a des urgences \u00e0 V\u00e9lingara, qu\u2019un d\u00e9bat \u00e9tait en cours \u00e0 V\u00e9lingara, il profitait des plateaux t\u00e9l\u00e9vis\u00e9s pour les poser publiquement. Il a V\u00e9lingara dans son c\u0153ur. Je consid\u00e8re que sa situation actuelle n\u2019est pas normale. Un d\u00e9menti aurait suffi \u00e0 le rappeler \u00e0 l\u2019ordre. L\u2019Etat actuel ne doit pas \u00eatre allergique aux critiques. Bachir est humble, il a le courage, quand il a tort, de pr\u00e9senter ses excuses. V\u00e9lingara a besoin de continuer \u00e0 entendre sa voix dans le d\u00e9bat public national et local. Nous lui souhaitons de sortir indemne de cette mauvaise situation.\u00bb<\/p>\n\n\n\n<p><strong>akamara@lequotidien.sn<\/strong><\/p>\n\n\n\n<p><\/p>\n","protected":false},"excerpt":{"rendered":"<p>Il n\u2019\u00e9tait pas visible que dans les t\u00e9l\u00e9visions nationales. Bachir Fofana \u00e9tait aussi audible dans des plateformes sociales de son<\/p>\n","protected":false},"author":1,"featured_media":59197,"comment_status":"open","ping_status":"open","sticky":false,"template":"","format":"standard","meta":{"footnotes":""},"categories":[26],"tags":[],"class_list":["post-59196","post","type-post","status-publish","format-standard","has-post-thumbnail","hentry","category-fait-divers"],"_links":{"self":[{"href":"https:\/\/dekkbi.com\/index.php?rest_route=\/wp\/v2\/posts\/59196","targetHints":{"allow":["GET"]}}],"collection":[{"href":"https:\/\/dekkbi.com\/index.php?rest_route=\/wp\/v2\/posts"}],"about":[{"href":"https:\/\/dekkbi.com\/index.php?rest_route=\/wp\/v2\/types\/post"}],"author":[{"embeddable":true,"href":"https:\/\/dekkbi.com\/index.php?rest_route=\/wp\/v2\/users\/1"}],"replies":[{"embeddable":true,"href":"https:\/\/dekkbi.com\/index.php?rest_route=%2Fwp%2Fv2%2Fcomments&post=59196"}],"version-history":[{"count":1,"href":"https:\/\/dekkbi.com\/index.php?rest_route=\/wp\/v2\/posts\/59196\/revisions"}],"predecessor-version":[{"id":59198,"href":"https:\/\/dekkbi.com\/index.php?rest_route=\/wp\/v2\/posts\/59196\/revisions\/59198"}],"wp:featuredmedia":[{"embeddable":true,"href":"https:\/\/dekkbi.com\/index.php?rest_route=\/wp\/v2\/media\/59197"}],"wp:attachment":[{"href":"https:\/\/dekkbi.com\/index.php?rest_route=%2Fwp%2Fv2%2Fmedia&parent=59196"}],"wp:term":[{"taxonomy":"category","embeddable":true,"href":"https:\/\/dekkbi.com\/index.php?rest_route=%2Fwp%2Fv2%2Fcategories&post=59196"},{"taxonomy":"post_tag","embeddable":true,"href":"https:\/\/dekkbi.com\/index.php?rest_route=%2Fwp%2Fv2%2Ftags&post=59196"}],"curies":[{"name":"wp","href":"https:\/\/api.w.org\/{rel}","templated":true}]}}