{"id":59169,"date":"2025-07-02T13:05:53","date_gmt":"2025-07-02T13:05:53","guid":{"rendered":"https:\/\/dekkbi.com\/?p=59169"},"modified":"2025-07-02T13:56:22","modified_gmt":"2025-07-02T13:56:22","slug":"afrique-du-sud-apres-un-an-au-pouvoir-un-nouveau-scandale-fait-vaciller-la-coalition-gouvernementale","status":"publish","type":"post","link":"https:\/\/dekkbi.com\/?p=59169","title":{"rendered":"Afrique du Sud: apr\u00e8s un an au pouvoir, un nouveau scandale fait vaciller la coalition gouvernementale"},"content":{"rendered":"\n<p>En Afrique du Sud, la tension monte dans le gouvernement d\u2019union nationale. \u00c0 l\u2019occasion du premier anniversaire de cette coalition in\u00e9dite (lundi 30 juin), l\u2019Alliance d\u00e9mocratique (DA) a port\u00e9 plainte mardi 1er juillet contre une ministre de l\u2019ANC, qu\u2019elle accuse de corruption. D\u00e9j\u00e0 en rupture avec le \u00ab&nbsp;<em>dialogue national<\/em>&nbsp;\u00bb lanc\u00e9 par le pr\u00e9sident Cyril Ramaphosa, la DA adopte une strat\u00e9gie ambivalente, en multipliant les attaques contre l\u2019ANC, tout en refusant de quitter le gouvernement.<\/p>\n\n\n\n<p>Ce 1er juillet, l&rsquo;<strong>Afrique du Sud<\/strong>\u00a0c\u00e9l\u00e8bre le premier anniversaire de\u00a0<strong>la formation du gouvernement d&rsquo;unit\u00e9 nationale<\/strong>\u00a0(GNU), compos\u00e9 de dix partis. Ce dernier a \u00e9t\u00e9 mis en place apr\u00e8s que le Congr\u00e8s national africain (ANC), plomb\u00e9 par une gouvernance entach\u00e9e de corruption, a \u00e9chou\u00e9 pour la premi\u00e8re fois \u00e0 remporter une majorit\u00e9 absolue lors des \u00e9lections au Parlement.<\/p>\n\n\n\n<p>Cette\u00a0<strong>coalition est chahut\u00e9e par des dissensions internes<\/strong>, notamment sur le budget.<\/p>\n\n\n\n<p>Dans le cadre de ce nouveau diff\u00e9rend, des repr\u00e9sentants de l&rsquo;Alliance d\u00e9mocratique (DA) ont d\u00e9pos\u00e9 plainte dans un commissariat du Cap contre la ministre de l&rsquo;Enseignement sup\u00e9rieur, Nobuhle Nkabane.<\/p>\n\n\n\n<p>Ils l&rsquo;accusent d&rsquo;avoir menti au Parlement afin de nommer de mani\u00e8re \u00ab\u00a0<em>frauduleuse<\/em>\u00a0\u00bb des personnes li\u00e9es \u00e0 l&rsquo;ANC aux conseils d&rsquo;administration de structures \u00e9ducatives. \u00ab\u00a0<em>La corruption au sein de l&rsquo;ex\u00e9cutif est devenue une pratique courante sous la pr\u00e9sidence de\u00a0<strong>Cyril Ramaphosa<\/strong><\/em>\u00a0\u00bb, a accus\u00e9 le parti dans un communiqu\u00e9.<\/p>\n\n\n\n<p>La DA a \u00e9galement indiqu\u00e9 qu&rsquo;une enqu\u00eate polici\u00e8re pour corruption visant une autre ministre du gouvernement de l&rsquo;ANC, Thembi Simelane, \u00e9tait \u00e9galement en cours. Cela \u00e0 la suite d&rsquo;une plainte d\u00e9pos\u00e9e par le parti concernant\u00a0<strong>des accusations de facturation frauduleuse<\/strong>\u00a0\u00e0 l&rsquo;encontre de la compagnie nationale d&rsquo;\u00e9lectricit\u00e9, Eskom.<\/p>\n\n\n\n<p>Thembi Simelane \u00e9tait ministre de la\u00a0<strong>Justice<\/strong>\u00a0jusqu&rsquo;\u00e0 ce que le pr\u00e9sident Cyril Ramaphosa la transf\u00e8re, l&rsquo;ann\u00e9e derni\u00e8re, au minist\u00e8re de l&rsquo;Habitat, apr\u00e8s des r\u00e9v\u00e9lations sur son implication dans une affaire de corruption. Le deuxi\u00e8me parti politique d&rsquo;Afrique du Sud, l&rsquo;Alliance d\u00e9mocratique, membre de la coalition au pouvoir, a port\u00e9 plainte mardi contre la ministre de l&rsquo;Enseignement sup\u00e9rieur, l&rsquo;accusant de corruption, fragilisant le gouvernement d&rsquo;unit\u00e9 nationale (GNU).<\/p>\n\n\n\n<h2 class=\"wp-block-heading\">Tensions renforc\u00e9es avec le limogeage d\u2019un ministre de la DA<\/h2>\n\n\n\n<p>\u00ab&nbsp;<em>Nous prenons des mesures parce que le pr\u00e9sident du pays, le pr\u00e9sident de l&rsquo;ANC, refuse d&rsquo;agir face aux ministres corrompus<\/em>&nbsp;\u00bb, a de son c\u00f4t\u00e9 expliqu\u00e9 Baxolile Nodada, membre du parlement de l&rsquo;AD, aux journalistes devant le commissariat de police. L&rsquo;une des raisons pour lesquelles la DA a rejoint le gouvernement d&rsquo;unit\u00e9 nationale \u00e9tait de \u00ab&nbsp;<em>nous assurer que nous luttons contre la corruption<\/em>&nbsp;\u00bb, a-t-il ajout\u00e9.<\/p>\n\n\n\n<p>Les tensions au sein de la coalition ont commenc\u00e9 la semaine derni\u00e8re, avec le limogeage d&rsquo;un ministre de la DA, Andrew Whitfield, en raison d&rsquo;un voyage \u00e0 l&rsquo;\u00e9tranger non autoris\u00e9, selon la pr\u00e9sidence. Samedi, la DA a annonc\u00e9 son retrait du\u00a0<strong>\u00ab\u00a0<em>dialogue national<\/em>\u00a0\u00bb lanc\u00e9 par Cyril Ramaphosa<\/strong>\u00a0pour r\u00e9soudre les probl\u00e8mes qui minent le pays, secouant le GNU avant son premier anniversaire.<\/p>\n\n\n\n<p>Alors que la DA d\u00e9nonce la corruption et la coalition, elle refuse de partir. Une strat\u00e9gie ambivalente \u00ab&nbsp;<em>qui en dit long sur les limites des alliances politiques en Afrique du Sud<\/em>&nbsp;\u00bb, selon Sanusha Naidu, analyste politique et chercheuse \u00e0 l\u2019Institute for Global Dialogue, en Afrique du Sud.<\/p>\n\n\n\n<blockquote class=\"wp-block-quote is-layout-flow wp-block-quote-is-layout-flow\">\n<p>La DA met la pression sur l\u2019ANC, en l\u2019accusant de ne pas agir contre ses ministres corrompus. Elle se pr\u00e9sente comme la force morale du gouvernement, convaincue que ses propres ministres, eux, ont fait avancer les choses. Mais cette posture cr\u00e9e une tension permanente. La DA estime ne pas \u00eatre respect\u00e9e dans cette coalition, tout en refusant d\u2019en sortir. Car selon elle, si elle quitte le gouvernement d\u2019union, ce sera au d\u00e9triment des Sud-Africains. Son message est clair : sans elle, rien ne tient. M\u00eame fragile, c\u2019est elle qui maintient la coh\u00e9sion. Ce positionnement de la DA, \u00e0 la fois contradictoire et revendicatif, laisse penser qu\u2019elle pr\u00e9pare peut-\u00eatre une sortie de la coalition \u00e0 l\u2019horizon des \u00e9lections de 2029. Ce flou strat\u00e9gique nous en dit long sur les limites des alliances politiques en Afrique du Sud, elles sont devenues plus tendues, plus instables \u2014 et profond\u00e9ment fragment\u00e9es.<\/p>\n<\/blockquote>\n\n\n\n<p>\u00abLa DA se pr\u00e9sente comme la force morale du gouvernement, mais cette posture cr\u00e9e une tension permanente. La DA estime ne pas \u00eatre respect\u00e9e dans cette coalition, tout en refusant d\u2019en sortir\u00bb, selon la chercheuse Sanusha Naidu.Christina Okello<\/p>\n\n\n\n<p>SOURCE RFI<\/p>\n","protected":false},"excerpt":{"rendered":"<p>En Afrique du Sud, la tension monte dans le gouvernement d\u2019union nationale. \u00c0 l\u2019occasion du premier anniversaire de cette coalition<\/p>\n","protected":false},"author":1,"featured_media":4343,"comment_status":"open","ping_status":"open","sticky":false,"template":"","format":"standard","meta":{"footnotes":""},"categories":[6],"tags":[],"class_list":["post-59169","post","type-post","status-publish","format-standard","has-post-thumbnail","hentry","category-politics"],"_links":{"self":[{"href":"https:\/\/dekkbi.com\/index.php?rest_route=\/wp\/v2\/posts\/59169","targetHints":{"allow":["GET"]}}],"collection":[{"href":"https:\/\/dekkbi.com\/index.php?rest_route=\/wp\/v2\/posts"}],"about":[{"href":"https:\/\/dekkbi.com\/index.php?rest_route=\/wp\/v2\/types\/post"}],"author":[{"embeddable":true,"href":"https:\/\/dekkbi.com\/index.php?rest_route=\/wp\/v2\/users\/1"}],"replies":[{"embeddable":true,"href":"https:\/\/dekkbi.com\/index.php?rest_route=%2Fwp%2Fv2%2Fcomments&post=59169"}],"version-history":[{"count":1,"href":"https:\/\/dekkbi.com\/index.php?rest_route=\/wp\/v2\/posts\/59169\/revisions"}],"predecessor-version":[{"id":59170,"href":"https:\/\/dekkbi.com\/index.php?rest_route=\/wp\/v2\/posts\/59169\/revisions\/59170"}],"wp:featuredmedia":[{"embeddable":true,"href":"https:\/\/dekkbi.com\/index.php?rest_route=\/wp\/v2\/media\/4343"}],"wp:attachment":[{"href":"https:\/\/dekkbi.com\/index.php?rest_route=%2Fwp%2Fv2%2Fmedia&parent=59169"}],"wp:term":[{"taxonomy":"category","embeddable":true,"href":"https:\/\/dekkbi.com\/index.php?rest_route=%2Fwp%2Fv2%2Fcategories&post=59169"},{"taxonomy":"post_tag","embeddable":true,"href":"https:\/\/dekkbi.com\/index.php?rest_route=%2Fwp%2Fv2%2Ftags&post=59169"}],"curies":[{"name":"wp","href":"https:\/\/api.w.org\/{rel}","templated":true}]}}