{"id":59164,"date":"2025-07-02T12:54:03","date_gmt":"2025-07-02T12:54:03","guid":{"rendered":"https:\/\/dekkbi.com\/?p=59164"},"modified":"2025-07-02T12:54:04","modified_gmt":"2025-07-02T12:54:04","slug":"manifestations-meurtrieres-au-togo-la-societe-civile-et-lopposition-demandent-une-enquete-internationale","status":"publish","type":"post","link":"https:\/\/dekkbi.com\/?p=59164","title":{"rendered":"Manifestations meurtri\u00e8res au Togo : la soci\u00e9t\u00e9 civile et l&rsquo;opposition demandent une \u00ab\u00a0enqu\u00eate internationale\u00a0\u00bb"},"content":{"rendered":"\n<p>Sur TikTok, de nombreux artistes et influenceurs togolais mobilisent la jeunesse pour relancer les manifestations contre le gouvernement de Faure Gnassingb\u00e9. Ce mouvement a pris de l&rsquo;ampleur surtout apr\u00e8s l&rsquo;arrestation de l&rsquo;artiste critique, d\u00e9sormais libre, Aamron. Des manifestations r\u00e9centes contre le pouvoir ont fait sept morts \u00e0 Lom\u00e9.&nbsp;<\/p>\n\n\n\n<p>Le 29 juin,\u00a0<em>\u00ab\u00a0Front citoyen Togo Debout\u00a0\u00bb<\/em>\u00a0a affirm\u00e9 que sept corps avaient \u00e9t\u00e9 rep\u00each\u00e9s dans des cours d&rsquo;eau de la capitale. Le collectif de la soci\u00e9t\u00e9 civile togolaise \u00e9voque des<em>\u00a0\u00ab\u00a0exactions commises par des \u00e9l\u00e9ments des forces de l&rsquo;ordre et des miliciens\u00a0\u00bb<\/em>, en marge\u00a0des manifestations. Les autorit\u00e9s ne se sont pas prononc\u00e9es sur le nombre de corps rep\u00each\u00e9s, mais ont d\u00e9nonc\u00e9\u00a0<em>\u00ab\u00a0des tentatives de r\u00e9cup\u00e9rations malheureuses\u00a0\u00bb\u00a0<\/em>et \u00e9voqu\u00e9 des morts<em>\u00a0\u00ab\u00a0par noyade\u00a0\u00bb.\u00a0<\/em><\/p>\n\n\n\n<p><em>Ce 30 juin<\/em>, le front&nbsp;<em>\u00ab\u00a0Touche pas \u00e0 ma Constitution\u00a0\u00bb,<\/em>&nbsp;qui regroupe partis d&rsquo;opposition et mouvements de la soci\u00e9t\u00e9 civile, a<em>&nbsp;\u00ab\u00a0r\u00e9clam\u00e9 une enqu\u00eate internationale sur les crimes commis durant ces trois jours de r\u00e9pression\u00a0\u00bb,<\/em>&nbsp;lors d&rsquo;une conf\u00e9rence de presse.&nbsp;<\/p>\n\n\n\n<p><em>\u00ab\u00a0L&rsquo;objectif, c&rsquo;est de comprendre ce qui s&rsquo;est pass\u00e9, d&rsquo;identifier les responsables pour que demain, les choses de cette nature ne se reproduisent plus dans notre pays\u00a0\u00bb<\/em>, a-t-il pr\u00e9cis\u00e9.<\/p>\n\n\n\n<h2 class=\"wp-block-heading\">\u00ab\u00a0Violences inacceptables\u00a0\u00bb<\/h2>\n\n\n\n<p>Lundi 30 juillet, la conf\u00e9rence des \u00e9v\u00eaques du Togo, pays o\u00f9 un quart de la population est catholique, a condamn\u00e9<em>\u00a0\u00ab\u00a0vigoureusement ces violences inacceptables et insoutenables, quelles qu&rsquo;en soient leurs origines, leurs auteurs ou leurs justifications\u00a0\u00bb. \u00ab\u00a0Un usage aussi disproportionn\u00e9 de la force pour r\u00e9primer une manifestation, f\u00fbt-elle ill\u00e9gale, est simplement inadmissible\u00a0\u00bb.<\/em><\/p>\n\n\n\n<p>Les manifestations sont rares\u00a0au Togo\u00a0ces derni\u00e8res ann\u00e9es, mais il s&rsquo;agissait du deuxi\u00e8me appel lanc\u00e9 sur les r\u00e9seaux sociaux \u00e0 descendre dans la rue ce mois-ci.<\/p>\n\n\n\n<h2 class=\"wp-block-heading\">Artistes et d&rsquo;influenceurs de la diaspora<\/h2>\n\n\n\n<p>Ce vent de contestation est port\u00e9 aussi par un groupe d&rsquo;artistes et d&rsquo;influenceurs de la diaspora sur TikTok. Ce mouvement, qui a pris de l&rsquo;ampleur apr\u00e8s l&rsquo;arrestation de l&rsquo;artiste critique\u00a0Aamron, appelle \u00e0 reprendre les manifestations contre le gouvernement togolais. Lib\u00e9r\u00e9 le 21 juin, Aamron est devenu un symbole de la lutte pour le changement, inspirant la jeunesse togolaise, notamment les \u00e9tudiants, \u00e0 se mobiliser.<\/p>\n\n\n\n<p>Les manifestants d\u00e9noncent la d\u00e9gradation des infrastructures publiques, comme les h\u00f4pitaux et les routes, ainsi que la hausse du co\u00fbt de la vie. Ils r\u00e9clament la d\u00e9mission du pr\u00e9sident, estimant que le pays a besoin d&rsquo;un nouveau souffle.<\/p>\n\n\n\n<h2 class=\"wp-block-heading\"><br>Un mouvement sans leader<\/h2>\n\n\n\n<p>Malgr\u00e9 l&rsquo;ill\u00e9galit\u00e9 des manifestations, le mouvement se distingue par son absence de leader et son ind\u00e9pendance des partis politiques traditionnels. Il incarne la voix collective d&rsquo;une jeunesse inqui\u00e8te pour l&rsquo;avenir du pays.<em>&nbsp;\u00ab\u00a0Personne n&rsquo;a le droit de dire aux jeunes d&rsquo;arr\u00eater\u00a0\u00bb<\/em>, affirme un porte-parole, soulignant que cette mobilisation refl\u00e8te les pr\u00e9occupations de l&rsquo;ensemble de la population.<\/p>\n\n\n\n<p>Les manifestations ont \u00e9t\u00e9 marqu\u00e9es par une r\u00e9pression violente, avec des accusations de morts caus\u00e9es par les forces de l&rsquo;ordre et des milices. Le gouvernement, de son c\u00f4t\u00e9, nie ces all\u00e9gations et insiste sur la n\u00e9cessit\u00e9 de maintenir l&rsquo;ordre public. Le 29 juin, les autorit\u00e9s ont d\u00e9nonc\u00e9 des campagnes de d\u00e9sinformation et de manipulation, tout en proc\u00e9dant \u00e0 l&rsquo;arrestation de dizaines de personnes, certaines \u00e9tant toujours port\u00e9es disparues.<\/p>\n","protected":false},"excerpt":{"rendered":"<p>Sur TikTok, de nombreux artistes et influenceurs togolais mobilisent la jeunesse pour relancer les manifestations contre le gouvernement de Faure<\/p>\n","protected":false},"author":1,"featured_media":59165,"comment_status":"open","ping_status":"open","sticky":false,"template":"","format":"standard","meta":{"footnotes":""},"categories":[51],"tags":[],"class_list":["post-59164","post","type-post","status-publish","format-standard","has-post-thumbnail","hentry","category-general"],"_links":{"self":[{"href":"https:\/\/dekkbi.com\/index.php?rest_route=\/wp\/v2\/posts\/59164","targetHints":{"allow":["GET"]}}],"collection":[{"href":"https:\/\/dekkbi.com\/index.php?rest_route=\/wp\/v2\/posts"}],"about":[{"href":"https:\/\/dekkbi.com\/index.php?rest_route=\/wp\/v2\/types\/post"}],"author":[{"embeddable":true,"href":"https:\/\/dekkbi.com\/index.php?rest_route=\/wp\/v2\/users\/1"}],"replies":[{"embeddable":true,"href":"https:\/\/dekkbi.com\/index.php?rest_route=%2Fwp%2Fv2%2Fcomments&post=59164"}],"version-history":[{"count":1,"href":"https:\/\/dekkbi.com\/index.php?rest_route=\/wp\/v2\/posts\/59164\/revisions"}],"predecessor-version":[{"id":59166,"href":"https:\/\/dekkbi.com\/index.php?rest_route=\/wp\/v2\/posts\/59164\/revisions\/59166"}],"wp:featuredmedia":[{"embeddable":true,"href":"https:\/\/dekkbi.com\/index.php?rest_route=\/wp\/v2\/media\/59165"}],"wp:attachment":[{"href":"https:\/\/dekkbi.com\/index.php?rest_route=%2Fwp%2Fv2%2Fmedia&parent=59164"}],"wp:term":[{"taxonomy":"category","embeddable":true,"href":"https:\/\/dekkbi.com\/index.php?rest_route=%2Fwp%2Fv2%2Fcategories&post=59164"},{"taxonomy":"post_tag","embeddable":true,"href":"https:\/\/dekkbi.com\/index.php?rest_route=%2Fwp%2Fv2%2Ftags&post=59164"}],"curies":[{"name":"wp","href":"https:\/\/api.w.org\/{rel}","templated":true}]}}