{"id":59152,"date":"2025-07-02T12:30:27","date_gmt":"2025-07-02T12:30:27","guid":{"rendered":"https:\/\/dekkbi.com\/?p=59152"},"modified":"2025-07-02T12:30:27","modified_gmt":"2025-07-02T12:30:27","slug":"protection-des-donnees-personnelles-la-cdp-alerte-et-sensibilise-les-populations","status":"publish","type":"post","link":"https:\/\/dekkbi.com\/?p=59152","title":{"rendered":"Protection des donn\u00e9es personnelles : La CDP alerte et sensibilise les populations"},"content":{"rendered":"\n<p>Les cas de diffusion ill\u00e9gale de donn\u00e9es personnelles devant les tribunaux sont monnaie courante. Face \u00e0 cette r\u00e9alit\u00e9, la Commission de Protection des Donn\u00e9es Personnelles (CDP) du S\u00e9n\u00e9gal, dans le cadre de sa mission de promotion de la culture de la protection des donn\u00e9es \u00e0 caract\u00e8re personnel, a organis\u00e9 un atelier de formation. Celui-ci s&rsquo;adressait \u00e0 des influenceurs, cr\u00e9ateurs de contenu et porteurs de voix, des acteurs cl\u00e9s pour la diffusion de l&rsquo;information.<\/p>\n\n\n\n<p><strong>La r\u00e9volution num\u00e9rique, source de nouveaux risques<\/strong><\/p>\n\n\n\n<p>Prenant la parole lors de l&rsquo;\u00e9v\u00e9nement, Ousmane Thiongane, pr\u00e9sident de la CDP, a alert\u00e9 sur les multiples risques li\u00e9s \u00e0 l&rsquo;usage abusif des donn\u00e9es personnelles \u00e0 l&rsquo;\u00e8re du num\u00e9rique. \u00ab\u00a0La r\u00e9volution num\u00e9rique a caus\u00e9 beaucoup de torts, notamment chez les jeunes. Nous faisons face \u00e0 des ph\u00e9nom\u00e8nes de cyberharc\u00e8lement, d\u2019extorsion de fonds, de vente ill\u00e9gale de donn\u00e9es, ou encore de publication de donn\u00e9es sensibles. Ces pratiques deviennent de plus en plus pr\u00e9occupantes dans notre soci\u00e9t\u00e9\u00a0\u00bb, a-t-il d\u00e9clar\u00e9.<\/p>\n\n\n\n<p>Il a \u00e9galement pr\u00e9cis\u00e9 que la CDP re\u00e7oit chaque trimestre de nombreuses plaintes et signalements, ce qui t\u00e9moigne d&rsquo;une hausse inqui\u00e9tante des abus.<\/p>\n\n\n\n<p><strong>Campagnes de sensibilisation et appel \u00e0 la responsabilit\u00e9<\/strong><\/p>\n\n\n\n<p>Face \u00e0 cette situation, la commission a d\u00e9j\u00e0 lanc\u00e9 plusieurs campagnes de sensibilisation, notamment dans les \u00e9tablissements scolaires. L&rsquo;objectif est de former les jeunes aux enjeux cruciaux de la protection de leurs donn\u00e9es personnelles. La CDP appelle par ailleurs les acteurs du num\u00e9rique \u00e0 faire preuve de plus de responsabilit\u00e9 dans la gestion des informations personnelles des citoyens.<\/p>\n\n\n\n<p>Les participants \u00e0 l&rsquo;atelier, incluant influenceurs, leaders d\u2019opinion et cr\u00e9ateurs de contenu, ont unanimement salu\u00e9 cette initiative. Ils se sont engag\u00e9s \u00e0 relayer activement les messages de la CDP afin de vulgariser le cadre juridique s\u00e9n\u00e9galais relatif \u00e0 la protection des donn\u00e9es personnelles aupr\u00e8s de leurs communaut\u00e9s respectives.<\/p>\n\n\n\n<figure class=\"wp-block-embed is-type-rich is-provider-prise-en-charge-des-contenus-embarqu-s wp-block-embed-prise-en-charge-des-contenus-embarqu-s wp-embed-aspect-16-9 wp-has-aspect-ratio\"><div class=\"wp-block-embed__wrapper\">\n<iframe loading=\"lazy\" title=\"Protection des donn\u00e9es personnelles :La CDP alerte et sensibilise les populations.\" width=\"800\" height=\"450\" src=\"https:\/\/www.youtube.com\/embed\/S5eJs8Wnc60?feature=oembed\" frameborder=\"0\" allow=\"accelerometer; autoplay; clipboard-write; encrypted-media; gyroscope; picture-in-picture; web-share\" referrerpolicy=\"strict-origin-when-cross-origin\" allowfullscreen><\/iframe>\n<\/div><\/figure>\n\n\n\n<p>SOURCE DAKARACTU<\/p>\n","protected":false},"excerpt":{"rendered":"<p>Les cas de diffusion ill\u00e9gale de donn\u00e9es personnelles devant les tribunaux sont monnaie courante. Face \u00e0 cette r\u00e9alit\u00e9, la Commission<\/p>\n","protected":false},"author":1,"featured_media":59155,"comment_status":"open","ping_status":"open","sticky":false,"template":"","format":"standard","meta":{"footnotes":""},"categories":[21],"tags":[],"class_list":["post-59152","post","type-post","status-publish","format-standard","has-post-thumbnail","hentry","category-societe"],"_links":{"self":[{"href":"https:\/\/dekkbi.com\/index.php?rest_route=\/wp\/v2\/posts\/59152","targetHints":{"allow":["GET"]}}],"collection":[{"href":"https:\/\/dekkbi.com\/index.php?rest_route=\/wp\/v2\/posts"}],"about":[{"href":"https:\/\/dekkbi.com\/index.php?rest_route=\/wp\/v2\/types\/post"}],"author":[{"embeddable":true,"href":"https:\/\/dekkbi.com\/index.php?rest_route=\/wp\/v2\/users\/1"}],"replies":[{"embeddable":true,"href":"https:\/\/dekkbi.com\/index.php?rest_route=%2Fwp%2Fv2%2Fcomments&post=59152"}],"version-history":[{"count":1,"href":"https:\/\/dekkbi.com\/index.php?rest_route=\/wp\/v2\/posts\/59152\/revisions"}],"predecessor-version":[{"id":59156,"href":"https:\/\/dekkbi.com\/index.php?rest_route=\/wp\/v2\/posts\/59152\/revisions\/59156"}],"wp:featuredmedia":[{"embeddable":true,"href":"https:\/\/dekkbi.com\/index.php?rest_route=\/wp\/v2\/media\/59155"}],"wp:attachment":[{"href":"https:\/\/dekkbi.com\/index.php?rest_route=%2Fwp%2Fv2%2Fmedia&parent=59152"}],"wp:term":[{"taxonomy":"category","embeddable":true,"href":"https:\/\/dekkbi.com\/index.php?rest_route=%2Fwp%2Fv2%2Fcategories&post=59152"},{"taxonomy":"post_tag","embeddable":true,"href":"https:\/\/dekkbi.com\/index.php?rest_route=%2Fwp%2Fv2%2Ftags&post=59152"}],"curies":[{"name":"wp","href":"https:\/\/api.w.org\/{rel}","templated":true}]}}