{"id":59072,"date":"2025-07-01T13:35:23","date_gmt":"2025-07-01T13:35:23","guid":{"rendered":"https:\/\/dekkbi.com\/?p=59072"},"modified":"2025-07-01T13:35:23","modified_gmt":"2025-07-01T13:35:23","slug":"rdc-felix-tshisekedi-revient-sur-laccord-de-paix-lors-de-son-discours-a-la-nation","status":"publish","type":"post","link":"https:\/\/dekkbi.com\/?p=59072","title":{"rendered":"RDC: F\u00e9lix Tshisekedi revient sur l\u2019accord de paix lors de son discours \u00e0 la nation"},"content":{"rendered":"\n<p>La R\u00e9publique d\u00e9mocratique du Congo (RDC) a f\u00eat\u00e9 ses 65 ans d\u2019ind\u00e9pendance le lundi 30 juin. Le chef de l\u2019\u00c9tat, F\u00e9lix Tshisekedi, est longuement revenu, lors de son discours \u00e0 la nation, sur l\u2019accord de paix sign\u00e9 entre son pays et le Rwanda, vendredi 27 juin, \u00e0 Washingon. Il s\u2019agit, pour lui, d\u2019un tournant d\u00e9cisif pour mettre fin \u00e0 un conflit qui, pendant pr\u00e8s de trois d\u00e9cennies, a sem\u00e9 la d\u00e9solation dans l\u2019est du pays.<\/p>\n\n\n\n<p>Par :RFI<\/p>\n\n\n\n<p>\u00ab&nbsp;<em>Cet accord de paix ouvre une voie \u00e0 une nouvelle aire de stabilit\u00e9<\/em>&nbsp;\u00bb, a d\u00e9clar\u00e9 le pr\u00e9sident Tshisekedi lors de son allocution, mais \u00ab&nbsp;<em>cette paix pr\u00e9cieuse reste fragile<\/em>&nbsp;\u00bb, a-t-il mis en garde avant d\u2019ajouter qu\u2019elle \u00ab&nbsp;<em>exige, de tous, un engagement ind\u00e9fectible<\/em>. \u00bb<\/p>\n\n\n\n<p>Concernant le sujet sensible des r\u00e9parations pour les crimes commis dans l\u2019est du pays &#8211; qui ne figure pas dans cet accord de paix de Washington &#8211; il a promis de continuer \u00e0 exiger justice pour les victimes et que les responsables des atrocit\u00e9s r\u00e9pondent de leurs actes.<\/p>\n\n\n\n<h2 class=\"wp-block-heading\">\u00ab&nbsp;<em>Un acteur central&nbsp;<\/em>\u00bb<\/h2>\n\n\n\n<p>Autre sujet sensible, celui de la vente de minerais aux \u00c9tats-Unis. Le chef de l\u2019\u00c9tat a confirm\u00e9 la signature prochaine d\u2019un accord avec les Am\u00e9ricains dans le secteur minier qui fera de la&nbsp;<strong><a href=\"https:\/\/www.rfi.fr\/fr\/tag\/rdc\/\">RDC<\/a><\/strong>&nbsp;\u00ab&nbsp;<em>un acteur central de la transition \u00e9nerg\u00e9tique mondiale<\/em>&nbsp;\u00bb, a-t-il assur\u00e9, avant d\u2019ajouter que les retomb\u00e9es \u00e9conomiques b\u00e9n\u00e9ficieront aux Congolais et de promettre que les ressources du pays ne seront jamais brad\u00e9es et qu\u2019 aucun compromis ne sera tol\u00e9r\u00e9.<\/p>\n\n\n\n<p>Enfin, le chef de l\u2019\u00c9tat a abord\u00e9 la question d\u2019unit\u00e9 nationale.&nbsp;<em>\u00ab&nbsp;Il est temps de transcender les clivages. C\u2019est dans cet esprit que j\u2019ai rencontr\u00e9 Martin Fayulu<\/em>&nbsp;\u00bb, a-t-il pr\u00e9cis\u00e9, qualifiant son \u00e9change avec l\u2019opposant d\u2019\u00e9tape importante vers une politique de r\u00e9conciliation.<\/p>\n\n\n\n<blockquote class=\"wp-block-quote is-layout-flow wp-block-quote-is-layout-flow\">\n<p>Les ressources de la R\u00e9publique d\u00e9mocratique du Congo ne seront jamais brad\u00e9es ni livr\u00e9es \u00e0 des int\u00e9r\u00eats obscurs. Elles b\u00e9n\u00e9ficieront, avant tout, au peuple congolais. Aucun compromis ne sera tol\u00e9r\u00e9 en mati\u00e8re de souverainet\u00e9 \u00e9conomique.<\/p>\n<\/blockquote>\n\n\n\n<p>00:44<\/p>\n\n\n\n<p>F\u00e9lix Tshisekedi, pr\u00e9sident de la R\u00e9publique d\u00e9mocratique du Congo, lors de son discours \u00e0 la nation.Alexandra Brangeon<\/p>\n\n\n\n<h2 class=\"wp-block-heading\">Appel \u00e0 un \u00ab&nbsp;dialogue national inclusif&nbsp;\u00bb<\/h2>\n\n\n\n<p>Martin Fayulu a \u00e9galement r\u00e9agi, lundi 30 juin, \u00e0 l\u2019accord de paix sign\u00e9 \u00e0 Washington. A l\u2019occasion de son discours pour les 65 ans d\u2019ind\u00e9pendance de la RDC, il a dress\u00e9 un tableau sombre de la situation s\u00e9curitaire et \u00e9conomique du pays.<\/p>\n\n\n\n<p>\u00ab&nbsp;<em>Cet accord, bien que perfectible, peut repr\u00e9senter une opportunit\u00e9 pour faire taire les armes<\/em>&nbsp;\u00bb, a r\u00e9agi l\u2019opposant qui appelle la communaut\u00e9 internationale \u00e0 faire respecter les r\u00e9solutions condamnant l\u2019offensive des rebelles du M23 et qui appelle surtout \u00e0 un \u00ab&nbsp;<em>dialogue national inclusif sans d\u00e9lai, car l\u2019heure n\u2019est plus \u00e0 l\u2019antagonisme st\u00e9rile mais \u00e0 la r\u00e9conciliation et la&nbsp;<strong><a href=\"https:\/\/www.rfi.fr\/fr\/afrique\/20250628-accord-de-paix-rdc-rwanda-la-classe-politique-congolaise-partag%C3%A9e\">coh\u00e9sion nationale<\/a><\/strong><\/em>&nbsp;\u00bb, affirme-t-il.<\/p>\n","protected":false},"excerpt":{"rendered":"<p>La R\u00e9publique d\u00e9mocratique du Congo (RDC) a f\u00eat\u00e9 ses 65 ans d\u2019ind\u00e9pendance le lundi 30 juin. Le chef de l\u2019\u00c9tat,<\/p>\n","protected":false},"author":1,"featured_media":8163,"comment_status":"open","ping_status":"open","sticky":false,"template":"","format":"standard","meta":{"footnotes":""},"categories":[51],"tags":[],"class_list":["post-59072","post","type-post","status-publish","format-standard","has-post-thumbnail","hentry","category-general"],"_links":{"self":[{"href":"https:\/\/dekkbi.com\/index.php?rest_route=\/wp\/v2\/posts\/59072","targetHints":{"allow":["GET"]}}],"collection":[{"href":"https:\/\/dekkbi.com\/index.php?rest_route=\/wp\/v2\/posts"}],"about":[{"href":"https:\/\/dekkbi.com\/index.php?rest_route=\/wp\/v2\/types\/post"}],"author":[{"embeddable":true,"href":"https:\/\/dekkbi.com\/index.php?rest_route=\/wp\/v2\/users\/1"}],"replies":[{"embeddable":true,"href":"https:\/\/dekkbi.com\/index.php?rest_route=%2Fwp%2Fv2%2Fcomments&post=59072"}],"version-history":[{"count":1,"href":"https:\/\/dekkbi.com\/index.php?rest_route=\/wp\/v2\/posts\/59072\/revisions"}],"predecessor-version":[{"id":59073,"href":"https:\/\/dekkbi.com\/index.php?rest_route=\/wp\/v2\/posts\/59072\/revisions\/59073"}],"wp:featuredmedia":[{"embeddable":true,"href":"https:\/\/dekkbi.com\/index.php?rest_route=\/wp\/v2\/media\/8163"}],"wp:attachment":[{"href":"https:\/\/dekkbi.com\/index.php?rest_route=%2Fwp%2Fv2%2Fmedia&parent=59072"}],"wp:term":[{"taxonomy":"category","embeddable":true,"href":"https:\/\/dekkbi.com\/index.php?rest_route=%2Fwp%2Fv2%2Fcategories&post=59072"},{"taxonomy":"post_tag","embeddable":true,"href":"https:\/\/dekkbi.com\/index.php?rest_route=%2Fwp%2Fv2%2Ftags&post=59072"}],"curies":[{"name":"wp","href":"https:\/\/api.w.org\/{rel}","templated":true}]}}