{"id":59064,"date":"2025-07-01T13:13:10","date_gmt":"2025-07-01T13:13:10","guid":{"rendered":"https:\/\/dekkbi.com\/?p=59064"},"modified":"2025-07-01T13:13:11","modified_gmt":"2025-07-01T13:13:11","slug":"diomaye-et-macron-les-details-de-leur-entretien-de-seville","status":"publish","type":"post","link":"https:\/\/dekkbi.com\/?p=59064","title":{"rendered":"Diomaye et Macron, les d\u00e9tails de leur entretien de S\u00e9ville"},"content":{"rendered":"\n<p>Le Pr\u00e9sident Diomaye Faye et son homologue fran\u00e7ais, Emmanuel Macron, se sont rencontr\u00e9s en marge de la Conf\u00e9rence de S\u00e9ville sur le financement du d\u00e9veloppement. Les deux hommes ont eu un entretien.<\/p>\n\n\n\n<p>\u00abNos \u00e9changes ont port\u00e9 sur la coop\u00e9ration entre le S\u00e9n\u00e9gal et la France, ainsi que sur les enjeux r\u00e9gionaux et internationaux d\u2019int\u00e9r\u00eat commun\u00bb, a d\u00e9clar\u00e9 le chef de l\u2019Etat Bassirou Diomaye Faye au terme de sa rencontre avec Emmanuel Macron ce lundi, \u00e0 S\u00e9ville.<br><br>De son c\u00f4t\u00e9, le Pr\u00e9sident fran\u00e7ais a donn\u00e9 quelques d\u00e9tails sur leur entretien. \u00abEn pleine refonte, le partenariat entre le S\u00e9n\u00e9gal et la France doit nous permettre d&rsquo;avancer ensemble au service des int\u00e9r\u00eats de nos peuples et de notre souverainet\u00e9\u00bb, a-t-il d\u00e9clar\u00e9.<br><br>Et d&rsquo;ajouter : \u00abPartenariat \u00e9conomique, de s\u00e9curit\u00e9 et de d\u00e9fense, culturel, et m\u00e9moriel : autant de chantiers que nous suivons de pr\u00e8s avec le Pr\u00e9sident Faye\u00bb, ajoute le chef de l\u2019Etat fran\u00e7ais.&nbsp;Il dit avoir salu\u00e9 l&rsquo;engagement du S\u00e9n\u00e9gal en faveur de la stabilit\u00e9 r\u00e9gionale.<\/p>\n\n\n\n<p>SOURCE RFI<\/p>\n","protected":false},"excerpt":{"rendered":"<p>Le Pr\u00e9sident Diomaye Faye et son homologue fran\u00e7ais, Emmanuel Macron, se sont rencontr\u00e9s en marge de la Conf\u00e9rence de S\u00e9ville<\/p>\n","protected":false},"author":1,"featured_media":59065,"comment_status":"open","ping_status":"open","sticky":false,"template":"","format":"standard","meta":{"footnotes":""},"categories":[6],"tags":[],"class_list":["post-59064","post","type-post","status-publish","format-standard","has-post-thumbnail","hentry","category-politics"],"_links":{"self":[{"href":"https:\/\/dekkbi.com\/index.php?rest_route=\/wp\/v2\/posts\/59064","targetHints":{"allow":["GET"]}}],"collection":[{"href":"https:\/\/dekkbi.com\/index.php?rest_route=\/wp\/v2\/posts"}],"about":[{"href":"https:\/\/dekkbi.com\/index.php?rest_route=\/wp\/v2\/types\/post"}],"author":[{"embeddable":true,"href":"https:\/\/dekkbi.com\/index.php?rest_route=\/wp\/v2\/users\/1"}],"replies":[{"embeddable":true,"href":"https:\/\/dekkbi.com\/index.php?rest_route=%2Fwp%2Fv2%2Fcomments&post=59064"}],"version-history":[{"count":1,"href":"https:\/\/dekkbi.com\/index.php?rest_route=\/wp\/v2\/posts\/59064\/revisions"}],"predecessor-version":[{"id":59066,"href":"https:\/\/dekkbi.com\/index.php?rest_route=\/wp\/v2\/posts\/59064\/revisions\/59066"}],"wp:featuredmedia":[{"embeddable":true,"href":"https:\/\/dekkbi.com\/index.php?rest_route=\/wp\/v2\/media\/59065"}],"wp:attachment":[{"href":"https:\/\/dekkbi.com\/index.php?rest_route=%2Fwp%2Fv2%2Fmedia&parent=59064"}],"wp:term":[{"taxonomy":"category","embeddable":true,"href":"https:\/\/dekkbi.com\/index.php?rest_route=%2Fwp%2Fv2%2Fcategories&post=59064"},{"taxonomy":"post_tag","embeddable":true,"href":"https:\/\/dekkbi.com\/index.php?rest_route=%2Fwp%2Fv2%2Ftags&post=59064"}],"curies":[{"name":"wp","href":"https:\/\/api.w.org\/{rel}","templated":true}]}}