{"id":59062,"date":"2025-07-01T13:08:59","date_gmt":"2025-07-01T13:08:59","guid":{"rendered":"https:\/\/dekkbi.com\/?p=59062"},"modified":"2025-07-01T13:09:00","modified_gmt":"2025-07-01T13:09:00","slug":"mort-des-deux-jeunes-a-camberene-les-explications-de-la-police","status":"publish","type":"post","link":"https:\/\/dekkbi.com\/?p=59062","title":{"rendered":"Mort des deux jeunes \u00e0 Camb\u00e9r\u00e8ne : Les explications de la Police&#8230;"},"content":{"rendered":"\n<p>Camb\u00e9r\u00e8ne a \u00e9t\u00e9 en proie \u00e0 des manifestations ce lundi dans la soir\u00e9e. Les jeunes du quartier s\u2019en sont pris aux policiers qu\u2019ils accusent d\u2019avoir \u00f4t\u00e9 la vie \u00e0 deux des leurs. La police, elle aussi, vient de donner sa version. Ci-dessous son communiqu\u00e9.<\/p>\n\n\n\n<figure class=\"wp-block-image\"><img decoding=\"async\" src=\"https:\/\/www.igfm.sn\/data\/igfm\/2025\/07\/514038382-1254498156071513-4396961403321997092-n_5772.jpg\" alt=\"\"\/><\/figure>\n\n\n\n<figure class=\"wp-block-image\"><img decoding=\"async\" src=\"https:\/\/www.igfm.sn\/data\/igfm\/2025\/07\/514695894-1254498196071509-823749591446724600-n_7238.jpg\" alt=\"\"\/><\/figure>\n\n\n\n<p><a href=\"https:\/\/www.igfm.sn\/search.php?search=police\">police<\/a><a href=\"https:\/\/www.igfm.sn\/search.php?search=camber%C3%A8ne\">camber\u00e8ne<\/a><\/p>\n\n\n\n<p>Cet article a \u00e9t\u00e9 ouvert 876 fois.<\/p>\n\n\n\n<p>Publi\u00e9 par<\/p>\n\n\n\n<p>Youssouf SANE<\/p>\n\n\n\n<p>editor<\/p>\n\n\n\n<p id=\"commentsLabel\">Soyez le premier \u00e0 commenter<\/p>\n\n\n\n<p>Je m&rsquo;appelle&nbsp;Charger plus de commentaires<\/p>\n\n\n\n<p>Paris en ligne : des comp\u00e9titions ph\u00e9nom\u00e9nales<\/p>\n","protected":false},"excerpt":{"rendered":"<p>Camb\u00e9r\u00e8ne a \u00e9t\u00e9 en proie \u00e0 des manifestations ce lundi dans la soir\u00e9e. Les jeunes du quartier s\u2019en sont pris<\/p>\n","protected":false},"author":1,"featured_media":41259,"comment_status":"open","ping_status":"open","sticky":false,"template":"","format":"standard","meta":{"footnotes":""},"categories":[26],"tags":[],"class_list":["post-59062","post","type-post","status-publish","format-standard","has-post-thumbnail","hentry","category-fait-divers"],"_links":{"self":[{"href":"https:\/\/dekkbi.com\/index.php?rest_route=\/wp\/v2\/posts\/59062","targetHints":{"allow":["GET"]}}],"collection":[{"href":"https:\/\/dekkbi.com\/index.php?rest_route=\/wp\/v2\/posts"}],"about":[{"href":"https:\/\/dekkbi.com\/index.php?rest_route=\/wp\/v2\/types\/post"}],"author":[{"embeddable":true,"href":"https:\/\/dekkbi.com\/index.php?rest_route=\/wp\/v2\/users\/1"}],"replies":[{"embeddable":true,"href":"https:\/\/dekkbi.com\/index.php?rest_route=%2Fwp%2Fv2%2Fcomments&post=59062"}],"version-history":[{"count":1,"href":"https:\/\/dekkbi.com\/index.php?rest_route=\/wp\/v2\/posts\/59062\/revisions"}],"predecessor-version":[{"id":59063,"href":"https:\/\/dekkbi.com\/index.php?rest_route=\/wp\/v2\/posts\/59062\/revisions\/59063"}],"wp:featuredmedia":[{"embeddable":true,"href":"https:\/\/dekkbi.com\/index.php?rest_route=\/wp\/v2\/media\/41259"}],"wp:attachment":[{"href":"https:\/\/dekkbi.com\/index.php?rest_route=%2Fwp%2Fv2%2Fmedia&parent=59062"}],"wp:term":[{"taxonomy":"category","embeddable":true,"href":"https:\/\/dekkbi.com\/index.php?rest_route=%2Fwp%2Fv2%2Fcategories&post=59062"},{"taxonomy":"post_tag","embeddable":true,"href":"https:\/\/dekkbi.com\/index.php?rest_route=%2Fwp%2Fv2%2Ftags&post=59062"}],"curies":[{"name":"wp","href":"https:\/\/api.w.org\/{rel}","templated":true}]}}