{"id":5906,"date":"2023-01-06T11:55:41","date_gmt":"2023-01-06T11:55:41","guid":{"rendered":"https:\/\/dekkbi.com\/?p=5906"},"modified":"2023-01-06T11:56:15","modified_gmt":"2023-01-06T11:56:15","slug":"pape-mamadou-seck-a-la-cave-du-tribunal","status":"publish","type":"post","link":"https:\/\/dekkbi.com\/?p=5906","title":{"rendered":"Pape Mamadou Seck \u00e0 la cave du Tribunal"},"content":{"rendered":"\n<p>iGFM &#8211; (Dakar) Pape Mamadou Seck, le pr\u00e9sum\u00e9 membre des Forces sp\u00e9ciales, a \u00e9t\u00e9 aper\u00e7u hier \u00e0 la cave du tribunal de grande instance de Dakar.<\/p>\n\n\n\n<p>Pape Abdoulaye Seck \u00e9tait \u00e0 la cave du tribunal de grande instance de Dakar hier jeudi. Selon Me Khoureychi B\u00e2, son avocat joint par l\u2019Observateur, il a \u00e9t\u00e9 extrait du pavillon p\u00e9nitentiaire de l&rsquo;h\u00f4pital Aristide Le Dantec par la S\u00fbret\u00e9 urbaine. Puis, il a \u00e9t\u00e9 conduit \u00e0 la cave du tribunal sur demande du procureur de la R\u00e9publique. Il avait \u00e9t\u00e9 arr\u00eat\u00e9 dans l&rsquo;affaire de la \u00ab\u00a0force sp\u00e9ciale\u00a0\u00bb.<\/p>\n","protected":false},"excerpt":{"rendered":"<p>iGFM &#8211; (Dakar) Pape Mamadou Seck, le pr\u00e9sum\u00e9 membre des Forces sp\u00e9ciales, a \u00e9t\u00e9 aper\u00e7u hier \u00e0 la cave du<\/p>\n","protected":false},"author":1,"featured_media":5907,"comment_status":"open","ping_status":"open","sticky":false,"template":"","format":"standard","meta":{"footnotes":""},"categories":[26],"tags":[],"class_list":["post-5906","post","type-post","status-publish","format-standard","has-post-thumbnail","hentry","category-fait-divers"],"_links":{"self":[{"href":"https:\/\/dekkbi.com\/index.php?rest_route=\/wp\/v2\/posts\/5906","targetHints":{"allow":["GET"]}}],"collection":[{"href":"https:\/\/dekkbi.com\/index.php?rest_route=\/wp\/v2\/posts"}],"about":[{"href":"https:\/\/dekkbi.com\/index.php?rest_route=\/wp\/v2\/types\/post"}],"author":[{"embeddable":true,"href":"https:\/\/dekkbi.com\/index.php?rest_route=\/wp\/v2\/users\/1"}],"replies":[{"embeddable":true,"href":"https:\/\/dekkbi.com\/index.php?rest_route=%2Fwp%2Fv2%2Fcomments&post=5906"}],"version-history":[{"count":1,"href":"https:\/\/dekkbi.com\/index.php?rest_route=\/wp\/v2\/posts\/5906\/revisions"}],"predecessor-version":[{"id":5908,"href":"https:\/\/dekkbi.com\/index.php?rest_route=\/wp\/v2\/posts\/5906\/revisions\/5908"}],"wp:featuredmedia":[{"embeddable":true,"href":"https:\/\/dekkbi.com\/index.php?rest_route=\/wp\/v2\/media\/5907"}],"wp:attachment":[{"href":"https:\/\/dekkbi.com\/index.php?rest_route=%2Fwp%2Fv2%2Fmedia&parent=5906"}],"wp:term":[{"taxonomy":"category","embeddable":true,"href":"https:\/\/dekkbi.com\/index.php?rest_route=%2Fwp%2Fv2%2Fcategories&post=5906"},{"taxonomy":"post_tag","embeddable":true,"href":"https:\/\/dekkbi.com\/index.php?rest_route=%2Fwp%2Fv2%2Ftags&post=5906"}],"curies":[{"name":"wp","href":"https:\/\/api.w.org\/{rel}","templated":true}]}}