{"id":59054,"date":"2025-07-01T12:39:58","date_gmt":"2025-07-01T12:39:58","guid":{"rendered":"https:\/\/dekkbi.com\/?p=59054"},"modified":"2025-07-01T16:37:26","modified_gmt":"2025-07-01T16:37:26","slug":"senegal-la-france-retrocede-la-base-de-rufisque-la-troisieme-remise-aux-autorites-du-pays","status":"publish","type":"post","link":"https:\/\/dekkbi.com\/?p=59054","title":{"rendered":"S\u00e9n\u00e9gal: la France r\u00e9troc\u00e8de la base de Rufisque"},"content":{"rendered":"\n<p>Apr\u00e8s les deux premi\u00e8res en mars 2025, une troisi\u00e8me emprise de l\u2019arm\u00e9e fran\u00e7aise est officiellement remise aux autorit\u00e9s s\u00e9n\u00e9galaises, mardi 1er juillet. Il s\u2019agit de la base d\u2019\u00e9coute de Rufisque. Cette r\u00e9trocession intervient avant celle des deux derni\u00e8res bases fran\u00e7aises au S\u00e9n\u00e9gal le 18 juillet prochain et le retrait complet des \u00e9l\u00e9ments fran\u00e7ais du S\u00e9n\u00e9gal.<\/p>\n\n\n\n<p><em>Avec <strong>L\u00e9a-Lisa Westerhoff<\/strong><\/em>, <em>correspondante Rfi \u00e0 Dakar,<\/em>\u00a0<\/p>\n\n\n\n<p>Comme\u00a0<strong>pour les deux pr\u00e9c\u00e9dentes<\/strong>, le processus de r\u00e9trocession se limite \u00e0 une simple signature de proc\u00e8s-verbal\u00a0: aucune c\u00e9r\u00e9monie ne viendra marquer le passage sous drapeau s\u00e9n\u00e9galais de la base militaire de Rufisque.<\/p>\n\n\n\n<p>Situ\u00e9e \u00e0 une trentaine de kilom\u00e8tres au sud de Dakar, cette station servait depuis 1960 de relais radio \u00e0 la&nbsp;<strong><a href=\"https:\/\/www.rfi.fr\/fr\/tag\/france\/\">France<\/a><\/strong>&nbsp;pour communiquer avec les navires et sous-marins de l\u2019arm\u00e9e fran\u00e7aise sillonnant la c\u00f4te atlantique. Mais aussi partiellement de base d\u2019\u00e9coute pour intercepter des communications de bateaux dans la lutte contre les trafics en tout genre.<\/p>\n\n\n\n<h2 class=\"wp-block-heading\">Une \u00e9tape suppl\u00e9mentaire<\/h2>\n\n\n\n<p>La vingtaine de militaires qui y logeaient sont partis il y a quelques jours d\u00e9j\u00e0.<\/p>\n\n\n\n<p>La fermeture de la base de Rufisque est une \u00e9tape de plus<strong>\u00a0vers la fin de la pr\u00e9sence des \u00e9l\u00e9ments fran\u00e7ais du S\u00e9n\u00e9gal<\/strong>. En janvier, ils \u00e9taient 250 environ encore bas\u00e9s en permanence au\u00a0<strong>S\u00e9n\u00e9ga<\/strong>l.<\/p>\n\n\n\n<p>Aura ensuite lieu la r\u00e9trocession des deux derni\u00e8res emprises de l\u2019arm\u00e9e fran\u00e7aise \u00e0 Dakar. Celle de l\u2019a\u00e9roport, tout comme la plus vaste&nbsp;: le camp Geille. Ce sont pr\u00e8s de 5 hectares situ\u00e9s \u00e0 Ouakam en plein centre de Dakar.<\/p>\n\n\n\n<p>Ces deux bases seront restitu\u00e9es le 18 juillet \u00e0 l\u2019arm\u00e9e s\u00e9n\u00e9galaise, tout comme quatre villas situ\u00e9es au Plateau, tout pr\u00e8s du port de Dakar. Diff\u00e9remment de la r\u00e9trocession de Rufisque, une c\u00e9r\u00e9monie militaire aura lieu \u00e0 ce moment-l\u00e0.<\/p>\n","protected":false},"excerpt":{"rendered":"<p>Apr\u00e8s les deux premi\u00e8res en mars 2025, une troisi\u00e8me emprise de l\u2019arm\u00e9e fran\u00e7aise est officiellement remise aux autorit\u00e9s s\u00e9n\u00e9galaises, mardi<\/p>\n","protected":false},"author":1,"featured_media":55277,"comment_status":"open","ping_status":"open","sticky":false,"template":"","format":"standard","meta":{"footnotes":""},"categories":[21],"tags":[],"class_list":["post-59054","post","type-post","status-publish","format-standard","has-post-thumbnail","hentry","category-societe"],"_links":{"self":[{"href":"https:\/\/dekkbi.com\/index.php?rest_route=\/wp\/v2\/posts\/59054","targetHints":{"allow":["GET"]}}],"collection":[{"href":"https:\/\/dekkbi.com\/index.php?rest_route=\/wp\/v2\/posts"}],"about":[{"href":"https:\/\/dekkbi.com\/index.php?rest_route=\/wp\/v2\/types\/post"}],"author":[{"embeddable":true,"href":"https:\/\/dekkbi.com\/index.php?rest_route=\/wp\/v2\/users\/1"}],"replies":[{"embeddable":true,"href":"https:\/\/dekkbi.com\/index.php?rest_route=%2Fwp%2Fv2%2Fcomments&post=59054"}],"version-history":[{"count":2,"href":"https:\/\/dekkbi.com\/index.php?rest_route=\/wp\/v2\/posts\/59054\/revisions"}],"predecessor-version":[{"id":59104,"href":"https:\/\/dekkbi.com\/index.php?rest_route=\/wp\/v2\/posts\/59054\/revisions\/59104"}],"wp:featuredmedia":[{"embeddable":true,"href":"https:\/\/dekkbi.com\/index.php?rest_route=\/wp\/v2\/media\/55277"}],"wp:attachment":[{"href":"https:\/\/dekkbi.com\/index.php?rest_route=%2Fwp%2Fv2%2Fmedia&parent=59054"}],"wp:term":[{"taxonomy":"category","embeddable":true,"href":"https:\/\/dekkbi.com\/index.php?rest_route=%2Fwp%2Fv2%2Fcategories&post=59054"},{"taxonomy":"post_tag","embeddable":true,"href":"https:\/\/dekkbi.com\/index.php?rest_route=%2Fwp%2Fv2%2Ftags&post=59054"}],"curies":[{"name":"wp","href":"https:\/\/api.w.org\/{rel}","templated":true}]}}