{"id":59045,"date":"2025-07-01T12:24:15","date_gmt":"2025-07-01T12:24:15","guid":{"rendered":"https:\/\/dekkbi.com\/?p=59045"},"modified":"2025-07-01T12:24:15","modified_gmt":"2025-07-01T12:24:15","slug":"le-danemark-prend-la-presidence-de-lue-en-faisant-de-la-securite-du-continent-sa-priorite","status":"publish","type":"post","link":"https:\/\/dekkbi.com\/?p=59045","title":{"rendered":"Le Danemark prend la pr\u00e9sidence de l&rsquo;UE en faisant de la s\u00e9curit\u00e9 du continent sa priorit\u00e9"},"content":{"rendered":"\n<p>Le Danemark prend la pr\u00e9sidence de l&rsquo;Union europ\u00e9enne, mardi 1er juillet, avec la s\u00e9curit\u00e9 du continent comme priorit\u00e9, et en particulier la mise en \u0153uvre de l&rsquo;acc\u00e9l\u00e9ration des hausses de d\u00e9penses r\u00e9cemment d\u00e9cid\u00e9e au sein de l&rsquo;Otan.&nbsp;<\/p>\n\n\n\n<p>\u00ab\u00a0<em>Il est clairement d\u00e9fini que la s\u00e9curit\u00e9 est la priorit\u00e9 absolue<\/em>\u00a0\u00bb, a d\u00e9clar\u00e9 la Premi\u00e8re ministre\u00a0<strong>Mette Frederiksen<\/strong>\u00a0dans un entretien au quotidien danois\u00a0<em>Politiken<\/em>\u00a0publi\u00e9 dimanche. \u00ab<em>\u00a0Nous avons maintenant un nouvel objectif pour l&rsquo;Otan, qui a \u00e9t\u00e9 adopt\u00e9. Une fois que l&rsquo;objectif de l&rsquo;Otan est en place, l&rsquo;essentiel rel\u00e8ve de la politique de l&rsquo;UE<\/em>\u00a0\u00bb, a-t-elle ajout\u00e9.<\/p>\n\n\n\n<p>Les membres de l&rsquo;Alliance atlantique ont officialis\u00e9 fin juin leur engagement d&rsquo;investir 5% de leur produit int\u00e9rieur brut (PIB) annuel en faveur de la s\u00e9curit\u00e9 \u00e0 l&rsquo;horizon 2035, dont au moins 3,5% pour leurs d\u00e9penses militaires. L&rsquo;Espagne a cependant jug\u00e9 cet objectif \u00ab&nbsp;<em>d\u00e9raisonnable<\/em>&nbsp;\u00bb et demand\u00e9 de la flexibilit\u00e9.<\/p>\n\n\n\n<h2 class=\"wp-block-heading\">Augmenter les capacit\u00e9s de d\u00e9fense des pays de l&rsquo;UE<\/h2>\n\n\n\n<p>Concr\u00e8tement, le\u00a0<strong>Danemark<\/strong>\u00a0veut faire avancer le plan europ\u00e9en pr\u00e9sent\u00e9 en mars pour augmenter les capacit\u00e9s de d\u00e9fense des pays de l&rsquo;UE,<em>\u00a0via<\/em>\u00a0des proc\u00e9dures facilit\u00e9es et des pr\u00eats mis \u00e0 la disposition des \u00c9tats pour financer les investissements de l&rsquo;industrie de d\u00e9fense europ\u00e9enne. La situation s\u00e9curitaire en Europe \u00ab\u00a0<em>est instable et, parce qu&rsquo;elle est instable, elle est aussi dangereuse. Si l&rsquo;on regarde l&rsquo;histoire de l&rsquo;Europe, on sait qu&rsquo;un conflit a tendance \u00e0 \u00eatre contagieux. Il y a tellement de tensions aujourd&rsquo;hui que cela peut en soi en g\u00e9n\u00e9rer d&rsquo;autres\u00a0<\/em>\u00bb, a soulign\u00e9 Mette Frederiksen.<\/p>\n\n\n\n<p>Le Danemark est l&rsquo;un des pays les plus en pointe dans le soutien europ\u00e9en \u00e0 l&rsquo;Ukraine. \u00c0 la t\u00eate du gouvernement danois depuis 2019, Mette Frederiksen\u00a0<strong>a largement augment\u00e9 les d\u00e9penses de d\u00e9fense du pays scandinave<\/strong>, \u00e0 pr\u00e9sent au dessus de 3% du PIB.\u00a0Copenhague, g\u00e9n\u00e9ralement per\u00e7u comme un fid\u00e8le alli\u00e9 des \u00c9tats-Unis, se rapproche notamment des positions fran\u00e7aises sur l&rsquo;autonomie strat\u00e9gique europ\u00e9enne.<\/p>\n\n\n\n<p>Le pays nordique a \u00e9t\u00e9 refroidi par la convoitise de Donald Trump pour le Groenland. Le pr\u00e9sident am\u00e9ricain a affich\u00e9 sa volont\u00e9 d&rsquo;acheter le territoire d\u00e8s 2019 lors de son premier mandat et a menac\u00e9 ces derniers mois d&rsquo;utiliser la force pour s&rsquo;en emparer.<\/p>\n","protected":false},"excerpt":{"rendered":"<p>Le Danemark prend la pr\u00e9sidence de l&rsquo;Union europ\u00e9enne, mardi 1er juillet, avec la s\u00e9curit\u00e9 du continent comme priorit\u00e9, et en<\/p>\n","protected":false},"author":1,"featured_media":59046,"comment_status":"open","ping_status":"open","sticky":false,"template":"","format":"standard","meta":{"footnotes":""},"categories":[51],"tags":[],"class_list":["post-59045","post","type-post","status-publish","format-standard","has-post-thumbnail","hentry","category-general"],"_links":{"self":[{"href":"https:\/\/dekkbi.com\/index.php?rest_route=\/wp\/v2\/posts\/59045","targetHints":{"allow":["GET"]}}],"collection":[{"href":"https:\/\/dekkbi.com\/index.php?rest_route=\/wp\/v2\/posts"}],"about":[{"href":"https:\/\/dekkbi.com\/index.php?rest_route=\/wp\/v2\/types\/post"}],"author":[{"embeddable":true,"href":"https:\/\/dekkbi.com\/index.php?rest_route=\/wp\/v2\/users\/1"}],"replies":[{"embeddable":true,"href":"https:\/\/dekkbi.com\/index.php?rest_route=%2Fwp%2Fv2%2Fcomments&post=59045"}],"version-history":[{"count":1,"href":"https:\/\/dekkbi.com\/index.php?rest_route=\/wp\/v2\/posts\/59045\/revisions"}],"predecessor-version":[{"id":59047,"href":"https:\/\/dekkbi.com\/index.php?rest_route=\/wp\/v2\/posts\/59045\/revisions\/59047"}],"wp:featuredmedia":[{"embeddable":true,"href":"https:\/\/dekkbi.com\/index.php?rest_route=\/wp\/v2\/media\/59046"}],"wp:attachment":[{"href":"https:\/\/dekkbi.com\/index.php?rest_route=%2Fwp%2Fv2%2Fmedia&parent=59045"}],"wp:term":[{"taxonomy":"category","embeddable":true,"href":"https:\/\/dekkbi.com\/index.php?rest_route=%2Fwp%2Fv2%2Fcategories&post=59045"},{"taxonomy":"post_tag","embeddable":true,"href":"https:\/\/dekkbi.com\/index.php?rest_route=%2Fwp%2Fv2%2Ftags&post=59045"}],"curies":[{"name":"wp","href":"https:\/\/api.w.org\/{rel}","templated":true}]}}