{"id":59043,"date":"2025-07-01T12:19:30","date_gmt":"2025-07-01T12:19:30","guid":{"rendered":"https:\/\/dekkbi.com\/?p=59043"},"modified":"2025-07-01T12:19:31","modified_gmt":"2025-07-01T12:19:31","slug":"baisse-des-obligations-du-senegal-les-explications-du-gouvernement","status":"publish","type":"post","link":"https:\/\/dekkbi.com\/?p=59043","title":{"rendered":"Baisse des obligations du S\u00e9n\u00e9gal: Les explications du gouvernement"},"content":{"rendered":"\n<p><a href=\"javascript:updateFontSize(1)\"><\/a>Les choses ne sont pas simples pour les autorit\u00e9s actuelles du pays. En d\u00e9pit d\u2019une situation financi\u00e8re extr\u00eamement tendue, la valorisation de ses obligations \u00e0 \u00e9ch\u00e9ance 2033-2048, a encore baiss\u00e9 selon Bloomberg. Ce, suite au rapport de Barclay\u2019s Plc qui a r\u00e9v\u00e9l\u00e9 que la dette publique s\u00e9n\u00e9galaise a atteint 119% du Pib en 2024, en hausse par rapport aux 99,7% de 2023. Le minist\u00e8re des Finances a r\u00e9agi.<\/p>\n\n\n\n<p>Le minist\u00e8re des Finances a r\u00e9agi sur les informations faisant \u00e9tat d\u2019une baisse des obligations souveraines du S\u00e9n\u00e9gal en dollars sur les march\u00e9s internationaux. Dans une note parcourue par iGFM, le d\u00e9partement explique que \u00abcette fluctuation est, en grande partie, li\u00e9e \u00e0 la publication r\u00e9cente d\u2019un rapport \u00e9mis par un analyste de recherche d\u2019une banque internationale\u00bb.<\/p>\n\n\n\n<p>Le minist\u00e8re explique qu\u2019\u00e0 la suite des \u00e9carts constat\u00e9s par la Cour des comptes dans son rapport de f\u00e9vrier 2025 sur la base d\u2019un \u00e9chantillon de pr\u00eateurs, le Gouvernement du S\u00e9n\u00e9gal a pris l\u2019initiative de mandater un cabinet international ind\u00e9pendant pour conduire une revue exhaustive de la dette publique sur la p\u00e9riode 2019 &#8211; 2024 aupr\u00e8s de tous les bailleurs.<\/p>\n\n\n\n<p>Et ce travail de fiabilisation des donn\u00e9es, dit-il, toujours en cours, s\u2019inscrit dans une d\u00e9marche de transparence et de responsabilit\u00e9 budg\u00e9taire. \u00abDans ce cadre, des estimations provisoires ont \u00e9t\u00e9 \u00e9tablies par les services du Minist\u00e8re des Finances et du Budget. La dette de l\u2019administration centrale est estim\u00e9e \u00e0 20 738 milliards FCfa \u00e0 fin 2023 et \u00e0 23 563 milliards FCfa \u00e0 fin 2024\u00bb, indiquent Cheikh Diba et ses hommes.<\/p>\n\n\n\n<p>Le Minist\u00e8re des Finances et du Budget assure \u00eatre pleinement mobilis\u00e9 et ses \u00e9changes techniques se poursuivent activement avec le Fonds Mon\u00e9taire International (Fmi), dans le cadre du processus de r\u00e9solution de la situation de misreporting, dit-il.<\/p>\n","protected":false},"excerpt":{"rendered":"<p>Les choses ne sont pas simples pour les autorit\u00e9s actuelles du pays. En d\u00e9pit d\u2019une situation financi\u00e8re extr\u00eamement tendue, la<\/p>\n","protected":false},"author":1,"featured_media":43085,"comment_status":"open","ping_status":"open","sticky":false,"template":"","format":"standard","meta":{"footnotes":""},"categories":[3],"tags":[],"class_list":["post-59043","post","type-post","status-publish","format-standard","has-post-thumbnail","hentry","category-event-more-news"],"_links":{"self":[{"href":"https:\/\/dekkbi.com\/index.php?rest_route=\/wp\/v2\/posts\/59043","targetHints":{"allow":["GET"]}}],"collection":[{"href":"https:\/\/dekkbi.com\/index.php?rest_route=\/wp\/v2\/posts"}],"about":[{"href":"https:\/\/dekkbi.com\/index.php?rest_route=\/wp\/v2\/types\/post"}],"author":[{"embeddable":true,"href":"https:\/\/dekkbi.com\/index.php?rest_route=\/wp\/v2\/users\/1"}],"replies":[{"embeddable":true,"href":"https:\/\/dekkbi.com\/index.php?rest_route=%2Fwp%2Fv2%2Fcomments&post=59043"}],"version-history":[{"count":1,"href":"https:\/\/dekkbi.com\/index.php?rest_route=\/wp\/v2\/posts\/59043\/revisions"}],"predecessor-version":[{"id":59044,"href":"https:\/\/dekkbi.com\/index.php?rest_route=\/wp\/v2\/posts\/59043\/revisions\/59044"}],"wp:featuredmedia":[{"embeddable":true,"href":"https:\/\/dekkbi.com\/index.php?rest_route=\/wp\/v2\/media\/43085"}],"wp:attachment":[{"href":"https:\/\/dekkbi.com\/index.php?rest_route=%2Fwp%2Fv2%2Fmedia&parent=59043"}],"wp:term":[{"taxonomy":"category","embeddable":true,"href":"https:\/\/dekkbi.com\/index.php?rest_route=%2Fwp%2Fv2%2Fcategories&post=59043"},{"taxonomy":"post_tag","embeddable":true,"href":"https:\/\/dekkbi.com\/index.php?rest_route=%2Fwp%2Fv2%2Ftags&post=59043"}],"curies":[{"name":"wp","href":"https:\/\/api.w.org\/{rel}","templated":true}]}}