{"id":5903,"date":"2023-01-06T11:49:20","date_gmt":"2023-01-06T11:49:20","guid":{"rendered":"https:\/\/dekkbi.com\/?p=5903"},"modified":"2023-01-06T11:50:47","modified_gmt":"2023-01-06T11:50:47","slug":"ige-gestion-de-mimi-au-cese-babacar-ba-veut-la-declassification-du-rapport","status":"publish","type":"post","link":"https:\/\/dekkbi.com\/?p=5903","title":{"rendered":"IGE \u2013 Gestion de Mimi au Cese: Babacar Ba veut la d\u00e9classification du rapport"},"content":{"rendered":"\n<p><strong>Autant il a r\u00e9clam\u00e9 Justice pour le rapport de l\u2019Ige, autant le pr\u00e9sident du Forum du justiciable souhaite que l\u2019opinion soit inform\u00e9e sur le contenu du rapport de l\u2019Ige qui \u00e9pingle Mimi Tour\u00e9. Il souhaite donc que ce rapport soit d\u00e9classifi\u00e9 et rendu public, ou que la Justice s\u2019en saisisse.<\/strong><\/p>\n\n\n\n<p><strong>Propos recueillis par M. G \u2013 Depuis mardi dernier, Le Quotidien et d\u2019autres journaux ont r\u00e9v\u00e9l\u00e9 que l\u2019ancienne pr\u00e9sidente du Cese, Mme Aminata Tour\u00e9, \u00e9tait \u00e9pingl\u00e9e par un rapport de l\u2019Inspection g\u00e9n\u00e9rale d\u2019Etat, sur au moins 2 milliards de francs Cfa. Mais on n\u2019a pas entendu la Soci\u00e9t\u00e9 civile se prononcer sur cette question. Pourrait-on conna\u00eetre la position du Forum du justiciable sur cette affaire\u00a0?<\/strong><br>La posture du Forum du justiciable est la m\u00eame que celle que nous avions eue lors de la publication du rapport de la Cour des comptes. Ce rapport a \u00e9pingl\u00e9 plusieurs autorit\u00e9s dans leur gestion des fonds de lutte contre le Covid. Une fois inform\u00e9s, nous avons publi\u00e9 plusieurs communiqu\u00e9s, et demand\u00e9 que toutes les recommandations formul\u00e9es par la Cour des comptes soient mises en application, et que les dossiers judiciaires demand\u00e9s par la Cour des comptes soient transmis \u00e0 la Justice. Cette posture que nous avions quand il a fallu r\u00e9agir sur le rapport de la Cour des comptes, nous l\u2019avons aussi sur le rapport de l\u2019Ige qui aurait \u00e9pingl\u00e9 Mme Aminata Tour\u00e9.<\/p>\n\n\n\n<p><br>Il s\u2019agit aujourd\u2019hui, pour la Soci\u00e9t\u00e9 civile, d\u2019\u00eatre \u00adcoh\u00e9rente dans sa d\u00e9marche. Les S\u00e9n\u00e9galais ont besoin \u00add\u2019avoir la meilleure information. On a donc besoin, pour cela, que la Justice se\u00ad saisisse de cette affaire ou que le rapport de l\u2019Ige soit \u00add\u00e9classifi\u00e9.<\/p>\n\n\n\n<p><strong>Mme Tour\u00e9 a contest\u00e9 les faits et dit qu\u2019elle souhaitait une confrontation publique de tous les 3 pr\u00e9sidents du Cese nomm\u00e9s par le Pr\u00e9sident Macky Sall, \u00e0 savoir Aminata Tall, Idrissa Seck et elle\u2026<\/strong><br>Ce qui nous int\u00e9resse, ce sont sont les all\u00e9gations publi\u00e9es dans la presse s\u00e9n\u00e9galaise, disant que Mme Aminata Tour\u00e9 a \u00e9t\u00e9 \u00e9pingl\u00e9e par un rapport de l\u2019Ige, sur des montants de plus de 2 milliards. Et en tant que membre d\u2019organisations qui luttent pour la promotion de la bonne gouvernance et la transparence dans la gestion des affaires publiques, nous devons faire un plaidoyer pour que tous les rapports produits par les organes de contr\u00f4le de l\u2019Etat soient rendus publics et transmis au procureur. Cela devrait \u00eatre la norme dans un Etat de Droit. Et je crois que le rapport de la Cour des comptes a donn\u00e9 un signal tr\u00e8s fort. A ma connaissance, c\u2019est la premi\u00e8re fois que l\u2019on voit un organe de contr\u00f4le publier un rapport, et que la Soci\u00e9t\u00e9 civile s\u2019en saisisse et manifeste. Cette m\u00eame d\u00e9termination devrait \u00eatre de mise pour le rapport de l\u2019Ige.<\/p>\n\n\n\n<p><strong>Pourquoi cela&nbsp;?<\/strong><br>Cela devrait permettre de faire le plaidoyer pour que, d\u00e9sormais, tous les rapports produits par les organes de contr\u00f4le soient transmis au procureur pour que la Justice puisse faire son \u00adtravail.<br>Donc, nous demandons que l\u2019on transmette le dossier \u00e0 la Justice, ou que le rapport soit d\u00e9classifi\u00e9 pour que tous les S\u00e9n\u00e9galais se fassent une id\u00e9e. Une fois de plus, c\u2019est une question de coh\u00e9rence. On ne peut pas demander Justice sur le rapport de la Cour des comptes et rester les bras crois\u00e9s sur les r\u00e9v\u00e9lations du rapport de l\u2019Ige.<\/p>\n\n\n\n<p><strong>Vous \u00eates la premi\u00e8re organisation de la Soci\u00e9t\u00e9 civile \u00e0 vous prononcer sur cette affaire. Est-ce que vous comprenez le silence des autres organisations ?<\/strong><br>Non, je ne comprends pas. Sans doute ont-elles leurs raisons de ne pas se prononcer, mais nous, de notre c\u00f4t\u00e9, nous estimons que pour des organisations qui militent pour la promotion de la bonne gouvernance, la \u00adcoh\u00e9rence nous dicte de prendre la position que je viens \u00add\u2019indiquer. Mais nous ne disons pas que ce que l\u2019Inspection g\u00e9n\u00e9rale d\u2019Etat a dit sur Mme Tour\u00e9 est vrai. C\u2019est la Justice qui le dira. Donc, m\u00eame elle, pour son image, elle a int\u00e9r\u00eat \u00e0 ce que cette affaire soit rapidement \u00ad\u00e9lucid\u00e9e.<br><strong>mgueye@lequotidien.sn<\/strong><\/p>\n","protected":false},"excerpt":{"rendered":"<p>Autant il a r\u00e9clam\u00e9 Justice pour le rapport de l\u2019Ige, autant le pr\u00e9sident du Forum du justiciable souhaite que l\u2019opinion<\/p>\n","protected":false},"author":1,"featured_media":5904,"comment_status":"open","ping_status":"open","sticky":false,"template":"","format":"standard","meta":{"footnotes":""},"categories":[6],"tags":[],"class_list":["post-5903","post","type-post","status-publish","format-standard","has-post-thumbnail","hentry","category-politics"],"_links":{"self":[{"href":"https:\/\/dekkbi.com\/index.php?rest_route=\/wp\/v2\/posts\/5903","targetHints":{"allow":["GET"]}}],"collection":[{"href":"https:\/\/dekkbi.com\/index.php?rest_route=\/wp\/v2\/posts"}],"about":[{"href":"https:\/\/dekkbi.com\/index.php?rest_route=\/wp\/v2\/types\/post"}],"author":[{"embeddable":true,"href":"https:\/\/dekkbi.com\/index.php?rest_route=\/wp\/v2\/users\/1"}],"replies":[{"embeddable":true,"href":"https:\/\/dekkbi.com\/index.php?rest_route=%2Fwp%2Fv2%2Fcomments&post=5903"}],"version-history":[{"count":1,"href":"https:\/\/dekkbi.com\/index.php?rest_route=\/wp\/v2\/posts\/5903\/revisions"}],"predecessor-version":[{"id":5905,"href":"https:\/\/dekkbi.com\/index.php?rest_route=\/wp\/v2\/posts\/5903\/revisions\/5905"}],"wp:featuredmedia":[{"embeddable":true,"href":"https:\/\/dekkbi.com\/index.php?rest_route=\/wp\/v2\/media\/5904"}],"wp:attachment":[{"href":"https:\/\/dekkbi.com\/index.php?rest_route=%2Fwp%2Fv2%2Fmedia&parent=5903"}],"wp:term":[{"taxonomy":"category","embeddable":true,"href":"https:\/\/dekkbi.com\/index.php?rest_route=%2Fwp%2Fv2%2Fcategories&post=5903"},{"taxonomy":"post_tag","embeddable":true,"href":"https:\/\/dekkbi.com\/index.php?rest_route=%2Fwp%2Fv2%2Ftags&post=5903"}],"curies":[{"name":"wp","href":"https:\/\/api.w.org\/{rel}","templated":true}]}}