{"id":59009,"date":"2025-06-30T12:26:52","date_gmt":"2025-06-30T12:26:52","guid":{"rendered":"https:\/\/dekkbi.com\/?p=59009"},"modified":"2025-06-30T12:26:53","modified_gmt":"2025-06-30T12:26:53","slug":"la-cap-restitue-le-rapport-general-des-assises-nationales-des-medias","status":"publish","type":"post","link":"https:\/\/dekkbi.com\/?p=59009","title":{"rendered":"La CAP restitue le rapport g\u00e9n\u00e9ral des Assises Nationales des M\u00e9dias"},"content":{"rendered":"\n<p><strong>La Coordination des Associations de Presse (CAP) organise, ce mardi 1er juillet 2025 \u00e0 Dakar, un atelier de restitution et de validation des conclusions des Assises Nationales des M\u00e9dias.<\/strong><\/p>\n\n\n\n<p>L\u2019\u00e9v\u00e9nement, pr\u00e9vu \u00e0 partir de 8h30 dans les locaux de la Fondation Friedrich Ebert (Fann R\u00e9sidence), marque une \u00e9tape cl\u00e9 dans la refondation du paysage m\u00e9diatique s\u00e9n\u00e9galais.<\/p>\n\n\n\n<p>Soutenu par la Fondation Friedrich Ebert et la Fondation des M\u00e9dias pour l\u2019Afrique de l\u2019Ouest (MFWA), cet atelier se veut une plateforme participative. Il vise \u00e0 transformer deux ann\u00e9es de r\u00e9flexion (octobre 2022 \u2013 octobre 2024) en actions concr\u00e8tes pour renforcer le secteur des m\u00e9dias au S\u00e9n\u00e9gal.<\/p>\n\n\n\n<p>Selon la CAP, cette rencontre permettra de partager les recommandations issues des Assises, faciliter une appropriation collective et recueillir des propositions d\u2019actions concr\u00e8tes \u00e0 mettre en \u0153uvre \u00e0 court, moyen et long terme. L\u2019objectif est de favoriser une r\u00e9forme concert\u00e9e, structurante et durable, qui r\u00e9ponde aux attentes des professionnels, des institutions, de la soci\u00e9t\u00e9 civile et des citoyens.<\/p>\n\n\n\n<p>Les six commissions ayant contribu\u00e9 aux Assises sont invit\u00e9es \u00e0 participer activement pour enrichir les d\u00e9bats et garantir l\u2019efficacit\u00e9 des recommandations.<\/p>\n\n\n\n<p>Enfin, la CAP lance un appel fort \u00e0 l\u2019ensemble des acteurs des m\u00e9dias : journalistes, techniciens, partenaires et institutions sont invit\u00e9s \u00e0 s\u2019approprier les r\u00e9sultats des Assises pour b\u00e2tir un environnement m\u00e9diatique plus responsable, \u00e9quitable et r\u00e9silient.<\/p>\n\n\n\n<p><strong>C.G.D<\/strong><\/p>\n\n\n\n<p>LESOLEIL<\/p>\n","protected":false},"excerpt":{"rendered":"<p>La Coordination des Associations de Presse (CAP) organise, ce mardi 1er juillet 2025 \u00e0 Dakar, un atelier de restitution et<\/p>\n","protected":false},"author":1,"featured_media":59011,"comment_status":"open","ping_status":"open","sticky":false,"template":"","format":"standard","meta":{"footnotes":""},"categories":[21],"tags":[],"class_list":["post-59009","post","type-post","status-publish","format-standard","has-post-thumbnail","hentry","category-societe"],"_links":{"self":[{"href":"https:\/\/dekkbi.com\/index.php?rest_route=\/wp\/v2\/posts\/59009","targetHints":{"allow":["GET"]}}],"collection":[{"href":"https:\/\/dekkbi.com\/index.php?rest_route=\/wp\/v2\/posts"}],"about":[{"href":"https:\/\/dekkbi.com\/index.php?rest_route=\/wp\/v2\/types\/post"}],"author":[{"embeddable":true,"href":"https:\/\/dekkbi.com\/index.php?rest_route=\/wp\/v2\/users\/1"}],"replies":[{"embeddable":true,"href":"https:\/\/dekkbi.com\/index.php?rest_route=%2Fwp%2Fv2%2Fcomments&post=59009"}],"version-history":[{"count":1,"href":"https:\/\/dekkbi.com\/index.php?rest_route=\/wp\/v2\/posts\/59009\/revisions"}],"predecessor-version":[{"id":59018,"href":"https:\/\/dekkbi.com\/index.php?rest_route=\/wp\/v2\/posts\/59009\/revisions\/59018"}],"wp:featuredmedia":[{"embeddable":true,"href":"https:\/\/dekkbi.com\/index.php?rest_route=\/wp\/v2\/media\/59011"}],"wp:attachment":[{"href":"https:\/\/dekkbi.com\/index.php?rest_route=%2Fwp%2Fv2%2Fmedia&parent=59009"}],"wp:term":[{"taxonomy":"category","embeddable":true,"href":"https:\/\/dekkbi.com\/index.php?rest_route=%2Fwp%2Fv2%2Fcategories&post=59009"},{"taxonomy":"post_tag","embeddable":true,"href":"https:\/\/dekkbi.com\/index.php?rest_route=%2Fwp%2Fv2%2Ftags&post=59009"}],"curies":[{"name":"wp","href":"https:\/\/api.w.org\/{rel}","templated":true}]}}