{"id":58989,"date":"2025-06-27T16:12:22","date_gmt":"2025-06-27T16:12:22","guid":{"rendered":"https:\/\/dekkbi.com\/?p=58989"},"modified":"2025-06-27T16:12:23","modified_gmt":"2025-06-27T16:12:23","slug":"fsf-apres-la-ligue-amateur-abdoulaye-sow-vise-la-ligue-professionnelle-candidature-deposee","status":"publish","type":"post","link":"https:\/\/dekkbi.com\/?p=58989","title":{"rendered":"FSF \u2013 Apr\u00e8s la ligue amateur, Abdoulaye Sow vise la ligue professionnelle : candidature d\u00e9pos\u00e9e !"},"content":{"rendered":"\n<p><a href=\"https:\/\/www.facebook.com\/sharer.php?u=https%3A%2F%2Fwiwsport.com%2F2025%2F06%2F27%2Ffsf-apres-la-ligue-amateur-abdoulaye-sow-vise-la-ligue-professionnelle-candidature-deposee%2F\"><\/a><a href=\"https:\/\/twitter.com\/intent\/tweet?text=FSF%20%E2%80%93%20Apr%C3%A8s%20la%20ligue%20amateur%2C%20Abdoulaye%20Sow%20vise%20la%20ligue%20professionnelle%20%3A%20candidature%20d%C3%A9pos%C3%A9e%20%21%20via%20%40wiwsport&amp;url=https%3A%2F%2Fwiwsport.com%2F2025%2F06%2F27%2Ffsf-apres-la-ligue-amateur-abdoulaye-sow-vise-la-ligue-professionnelle-candidature-deposee%2F\"><\/a><a href=\"https:\/\/api.whatsapp.com\/send?text=FSF%20%E2%80%93%20Apr%C3%A8s%20la%20ligue%20amateur%2C%20Abdoulaye%20Sow%20vise%20la%20ligue%20professionnelle%20%3A%20candidature%20d%C3%A9pos%C3%A9e%20%21%0Ahttps%3A%2F%2Fwiwsport.com%2F2025%2F06%2F27%2Ffsf-apres-la-ligue-amateur-abdoulaye-sow-vise-la-ligue-professionnelle-candidature-deposee%2F\"><\/a><a href=\"https:\/\/wiwsport.com\/2025\/06\/27\/fsf-apres-la-ligue-amateur-abdoulaye-sow-vise-la-ligue-professionnelle-candidature-deposee\/#\"><\/a>Apr\u00e8s plus d\u2019une d\u00e9cennie pass\u00e9e \u00e0 la t\u00eate de la Ligue de Football Amateur, Abdoulaye Sow change de cap.<\/p>\n\n\n\n<p>Comme annonc\u00e9 sur wiwsport, l\u2019ancien ministre est candidat et a officiellement d\u00e9pos\u00e9 sa candidature pour la pr\u00e9sidence de la Ligue S\u00e9n\u00e9galaise de Football Professionnel (LSFP) aupr\u00e8s de la F\u00e9d\u00e9ration S\u00e9n\u00e9galaise de Football (FSF).<\/p>\n\n\n\n<p>Maillots de foot<\/p>\n\n\n\n<p>Pr\u00e9sident de la Ligue Amateur depuis 2013, Abdoulaye Sow a \u00e9t\u00e9 r\u00e9\u00e9lu \u00e0 deux reprises, consolidant son ancrage dans les sph\u00e8res dirigeantes du football national. Son bilan dans le d\u00e9veloppement du football de base, son exp\u00e9rience institutionnelle, ainsi que son r\u00f4le de vice-pr\u00e9sident de la FSF font de lui une figure famili\u00e8re et influente dans le paysage footballistique s\u00e9n\u00e9galais. \u00c0 noter qu\u2019il est le pr\u00e9sident sortant de la ligue de Kaffrine, son successeur sera connu ce dimanche.&nbsp;<\/p>\n\n\n\n<p>En se positionnant pour la LSFP, Abdoulaye Sow ambitionne de franchir un nouveau palier dans son parcours de dirigeant, avec une volont\u00e9 affich\u00e9e de continuer \u00e0 servir le football s\u00e9n\u00e9galais, cette fois dans un contexte plus professionnalis\u00e9.<\/p>\n\n\n\n<p>Son entr\u00e9e dans la course renforce l\u2019int\u00e9r\u00eat autour d\u2019une \u00e9lection qui s\u2019annonce d\u00e9j\u00e0 tr\u00e8s disput\u00e9e. Pour rappel, Babacar Ndiaye (Teungueth FC) et Djibril Wade (NGB), pr\u00e9sident sortant, sont \u00e9galement candidats.<\/p>\n\n\n\n<p>L\u2019Assembl\u00e9e g\u00e9n\u00e9rale \u00e9lective de la LSFP est pr\u00e9vue le 29 juillet. Elle devra d\u00e9partager ces profils exp\u00e9riment\u00e9s aux visions distinctes pour l\u2019avenir du football professionnel au S\u00e9n\u00e9gal.<\/p>\n\n\n\n<p>wiwsport.com<\/p>\n","protected":false},"excerpt":{"rendered":"<p>Apr\u00e8s plus d\u2019une d\u00e9cennie pass\u00e9e \u00e0 la t\u00eate de la Ligue de Football Amateur, Abdoulaye Sow change de cap. Comme<\/p>\n","protected":false},"author":1,"featured_media":58990,"comment_status":"open","ping_status":"open","sticky":false,"template":"","format":"standard","meta":{"footnotes":""},"categories":[9],"tags":[],"class_list":["post-58989","post","type-post","status-publish","format-standard","has-post-thumbnail","hentry","category-sports"],"_links":{"self":[{"href":"https:\/\/dekkbi.com\/index.php?rest_route=\/wp\/v2\/posts\/58989","targetHints":{"allow":["GET"]}}],"collection":[{"href":"https:\/\/dekkbi.com\/index.php?rest_route=\/wp\/v2\/posts"}],"about":[{"href":"https:\/\/dekkbi.com\/index.php?rest_route=\/wp\/v2\/types\/post"}],"author":[{"embeddable":true,"href":"https:\/\/dekkbi.com\/index.php?rest_route=\/wp\/v2\/users\/1"}],"replies":[{"embeddable":true,"href":"https:\/\/dekkbi.com\/index.php?rest_route=%2Fwp%2Fv2%2Fcomments&post=58989"}],"version-history":[{"count":1,"href":"https:\/\/dekkbi.com\/index.php?rest_route=\/wp\/v2\/posts\/58989\/revisions"}],"predecessor-version":[{"id":58991,"href":"https:\/\/dekkbi.com\/index.php?rest_route=\/wp\/v2\/posts\/58989\/revisions\/58991"}],"wp:featuredmedia":[{"embeddable":true,"href":"https:\/\/dekkbi.com\/index.php?rest_route=\/wp\/v2\/media\/58990"}],"wp:attachment":[{"href":"https:\/\/dekkbi.com\/index.php?rest_route=%2Fwp%2Fv2%2Fmedia&parent=58989"}],"wp:term":[{"taxonomy":"category","embeddable":true,"href":"https:\/\/dekkbi.com\/index.php?rest_route=%2Fwp%2Fv2%2Fcategories&post=58989"},{"taxonomy":"post_tag","embeddable":true,"href":"https:\/\/dekkbi.com\/index.php?rest_route=%2Fwp%2Fv2%2Ftags&post=58989"}],"curies":[{"name":"wp","href":"https:\/\/api.w.org\/{rel}","templated":true}]}}